{"id":10591,"date":"2025-12-18T10:49:26","date_gmt":"2025-12-18T10:49:26","guid":{"rendered":"https:\/\/www.findportugal.pt\/o-novo-luxo-portugues-e-tempo-espaco-e-silencio\/"},"modified":"2026-01-23T18:26:25","modified_gmt":"2026-01-23T18:26:25","slug":"portugals-new-luxury-time-space-and-silence","status":"publish","type":"post","link":"https:\/\/www.findportugal.pt\/en\/portugals-new-luxury-time-space-and-silence\/","title":{"rendered":"Portugal\u2019s new luxury: time, space and silence"},"content":{"rendered":"<div class=\"wpb-content-wrapper\"><p>[vc_row][vc_column][vc_column_text css=&#8221;&#8221;]<\/p>\n<h5><em>By<\/em>\u00a0<strong> Rita Langstrump<\/strong><\/h5>\n<p>[\/vc_column_text][vc_column_text css=&#8221;&#8221;]<\/p>\n<h3>Forget wristband resorts, rooftop selfies, or tasting menus that read like supermarket inventories. In Portugal, a different vision of luxury is gaining ground. A kind of luxury measured in silence, in space to breathe, in time to be alone with oneself.<\/h3>\n<p>[\/vc_column_text][vc_empty_space height=&#8221;50px&#8221;][\/vc_column][\/vc_row][vc_row][vc_column][vc_single_image image=&#8221;10481&#8243; img_size=&#8221;full&#8221; css=&#8221;&#8221;][vc_custom_heading text=&#8221;\u00a9Pedras Salgadas Spa &amp; Nature Park&#8221; font_container=&#8221;tag:p|font_size:12|text_align:left&#8221; google_fonts=&#8221;font_family:Fira%20Sans%3A300%2C300italic%2C400%2C400italic%2C500%2C500italic%2C700%2C700italic|font_style:300%20light%20regular%3A300%3Anormal&#8221; css=&#8221;&#8221;][vc_empty_space height=&#8221;15px&#8221;][\/vc_column][\/vc_row][vc_row][vc_column width=&#8221;1\/4&#8243; offset=&#8221;vc_hidden-xs&#8221;][vc_empty_space height=&#8221;30px&#8221;][vc_custom_heading text=&#8221;Time to be alone with oneself.&#8221; font_container=&#8221;tag:h4|font_size:26|text_align:left|line_height:1.5&#8243; google_fonts=&#8221;font_family:Playfair%20Display%3Aregular%2Citalic%2C700%2C700italic%2C900%2C900italic|font_style:400%20italic%3A400%3Aitalic&#8221; css=&#8221;&#8221;][\/vc_column][vc_column width=&#8221;3\/4&#8243;][vc_column_text css=&#8221;&#8221;]<\/p>\n<h3>It\u2019s not a luxury made to impress, but to feel. Found in an offline room in the Alentejo, a vineyard retreat in the Douro, or a solitary house by the Atlantic. Places where the clock slows down. Where the landscape sets the rhythm. Where luxury is redefined through calm and authenticity.<\/h3>\n<h3>Here are eight unique retreats that embody this silent revolution, each with its own soul, and each offering moments of reconnection, comfort, and deep rest.<\/h3>\n<p>[\/vc_column_text][vc_empty_space height=&#8221;100px&#8221;][\/vc_column][\/vc_row][vc_row][vc_column][vc_single_image image=&#8221;10484&#8243; img_size=&#8221;full&#8221; css=&#8221;&#8221;][vc_empty_space height=&#8221;30px&#8221;][\/vc_column][\/vc_row][vc_row][vc_column width=&#8221;1\/4&#8243;][vc_single_image image=&#8221;10380&#8243; img_size=&#8221;full&#8221; css=&#8221;&#8221;][vc_empty_space height=&#8221;30px&#8221;][\/vc_column][vc_column width=&#8221;3\/4&#8243;][vc_single_image image=&#8221;10382&#8243; img_size=&#8221;full&#8221; css=&#8221;&#8221;][vc_empty_space height=&#8221;30px&#8221;][\/vc_column][\/vc_row][vc_row equal_height=&#8221;yes&#8221;][vc_column width=&#8221;3\/4&#8243;][vc_single_image image=&#8221;10378&#8243; img_size=&#8221;full&#8221; css=&#8221;&#8221;][vc_custom_heading text=&#8221;\u00a9D\u00e1 Licen\u00e7a&#8221; font_container=&#8221;tag:p|font_size:12|text_align:left|color:%232A2A2A&#8221; google_fonts=&#8221;font_family:Fira%20Sans%3A300%2C300italic%2C400%2C400italic%2C500%2C500italic%2C700%2C700italic|font_style:300%20light%20regular%3A300%3Anormal&#8221; css=&#8221;.vc_custom_1765994604607{margin-top: 5px !important;margin-bottom: 0px !important;}&#8221;][\/vc_column][vc_column width=&#8221;1\/4&#8243;][vc_single_image image=&#8221;10376&#8243; img_size=&#8221;full&#8221; css=&#8221;&#8221;][\/vc_column][\/vc_row][vc_row][vc_column width=&#8221;1\/4&#8243;][\/vc_column][vc_column width=&#8221;3\/4&#8243;][vc_column_text css=&#8221;.vc_custom_1765972604408{margin-top: 0px !important;}&#8221;]<\/p>\n<h3><strong>D\u00e1 Licen\u00e7a<\/strong><\/h3>\n<p>[\/vc_column_text][vc_empty_space height=&#8221;15px&#8221;][vc_custom_heading text=&#8221;Estremoz, Alentejo&#8221; font_container=&#8221;tag:h4|font_size:18|text_align:left|line_height:0px&#8221; google_fonts=&#8221;font_family:Playfair%20Display%3Aregular%2Citalic%2C700%2C700italic%2C900%2C900italic|font_style:400%20italic%3A400%3Aitalic&#8221; css=&#8221;.vc_custom_1765972648619{margin-bottom: 0px !important;}&#8221;][vc_empty_space height=&#8221;40px&#8221;][vc_column_text css=&#8221;.vc_custom_1766507683553{margin-top: 0px !important;}&#8221;]On an open plain of cork oaks and olive trees, between the golden earth and endless sky, Alentejo reveals its calmest self. The breeze is soft, the scent of dry grass lingers, the perfect backdrop for anyone in search of stillness.<\/p>\n<p>This former rural estate has been transformed into a minimalist design retreat where Portuguese marble and soft light meet in quiet harmony. Rooms feature expansive windows framing the horizon, with no TVs, no digital noise, only stone, air, and serenity. A place where your soul exhales.[\/vc_column_text][vc_separator color=&#8221;custom&#8221; css=&#8221;.vc_custom_1765973463032{margin-top: 20px !important;margin-bottom: 20px !important;}&#8221; accent_color=&#8221;#A7A7A7&#8243;][vc_column_text css=&#8221;.vc_custom_1766507662906{margin-top: 0px !important;}&#8221; el_class=&#8221;extra-text&#8221;]<strong>WHAT TO DO \/ EXPERIENCE<\/strong><\/p>\n<p>\u2192\u00a0Sunset walks among cork trees.<br \/>\n\u2192\u00a0Visit Estremoz or the pottery studios of S\u00e3o Pedro do Corval.<br \/>\n\u2192\u00a0Olive oil and wine tastings at a slow, deliberate pace.<br \/>\n\u2192\u00a0Fireplace reading or meditating to countryside silence.<\/p>\n<p><strong>\ud83c\udf10 <a href=\"http:\/\/www.dalicenca.pt\" target=\"_blank\" rel=\"noopener\">www.dalicenca.pt<\/a><\/strong>[\/vc_column_text][vc_separator color=&#8221;custom&#8221; css=&#8221;.vc_custom_1765973463032{margin-top: 20px !important;margin-bottom: 20px !important;}&#8221; accent_color=&#8221;#A7A7A7&#8243;][vc_empty_space height=&#8221;100px&#8221;][\/vc_column][\/vc_row][vc_row][vc_column][vc_single_image image=&#8221;10388&#8243; img_size=&#8221;full&#8221; css=&#8221;&#8221;][vc_empty_space height=&#8221;30px&#8221;][\/vc_column][\/vc_row][vc_row][vc_column width=&#8221;1\/4&#8243;][vc_single_image image=&#8221;10391&#8243; img_size=&#8221;full&#8221; css=&#8221;&#8221;][vc_custom_heading text=&#8221;\u00a9Cabanas no Rio&#8221; font_container=&#8221;tag:p|font_size:12|text_align:left&#8221; google_fonts=&#8221;font_family:Fira%20Sans%3A300%2C300italic%2C400%2C400italic%2C500%2C500italic%2C700%2C700italic|font_style:300%20light%20regular%3A300%3Anormal&#8221; css=&#8221;&#8221;][\/vc_column][vc_column width=&#8221;3\/4&#8243;][vc_single_image image=&#8221;10397&#8243; img_size=&#8221;full&#8221; css=&#8221;&#8221;][\/vc_column][\/vc_row][vc_row][vc_column width=&#8221;1\/4&#8243;][\/vc_column][vc_column width=&#8221;3\/4&#8243;][vc_column_text css=&#8221;.vc_custom_1765987259059{margin-top: 0px !important;}&#8221;]<\/p>\n<h3><strong>Cabanas no Rio<\/strong><\/h3>\n<p>[\/vc_column_text][vc_empty_space height=&#8221;15px&#8221;][vc_custom_heading text=&#8221;Sado Estuary, Comporta&#8221; font_container=&#8221;tag:h4|font_size:18|text_align:left|line_height:0px&#8221; google_fonts=&#8221;font_family:Playfair%20Display%3Aregular%2Citalic%2C700%2C700italic%2C900%2C900italic|font_style:400%20italic%3A400%3Aitalic&#8221; css=&#8221;.vc_custom_1766507764305{margin-bottom: 0px !important;}&#8221;][vc_empty_space height=&#8221;40px&#8221;][vc_column_text css=&#8221;.vc_custom_1766507746189{margin-top: 0px !important;}&#8221;]On the banks of the Sado Estuary, where pine forest meets tidal waters and rice fields, time floats like the current. Flamingos and herons glide by. The tide marks the rhythm of your day.<\/p>\n<p>Two minimalist cabins made from recycled wood, designed by the Silent Living collective, sit gently on the water\u2019s edge. Decks open onto the river, verandas hover over the calm, and every architectural detail embraces slowness and grace.[\/vc_column_text][vc_separator color=&#8221;custom&#8221; css=&#8221;.vc_custom_1765973463032{margin-top: 20px !important;margin-bottom: 20px !important;}&#8221; accent_color=&#8221;#A7A7A7&#8243;][vc_column_text css=&#8221;.vc_custom_1766507800942{margin-top: 0px !important;}&#8221; el_class=&#8221;extra-text&#8221;]<strong>WHAT TO DO \/ EXPERIENCE<\/strong><\/p>\n<p>\u2192\u00a0Birdwatching at dawn and dusk: flamingos, spoonbills, herons.<br \/>\n\u2192\u00a0Biking through rice paddies or walking to Comporta beach.<br \/>\n\u2192\u00a0Kayaking the estuary to hear the wind and water.<br \/>\n\u2192\u00a0Breakfast on the deck. A book. A sunset. No talking required.<\/p>\n<p><strong>\ud83c\udf10 <a href=\"http:\/\/www.silentliving.pt\" target=\"_blank\" rel=\"noopener\">www.silentliving.pt <\/a><\/strong>[\/vc_column_text][vc_separator color=&#8221;custom&#8221; css=&#8221;.vc_custom_1765973463032{margin-top: 20px !important;margin-bottom: 20px !important;}&#8221; accent_color=&#8221;#A7A7A7&#8243;][vc_empty_space height=&#8221;100px&#8221;][\/vc_column][\/vc_row][vc_row][vc_column][vc_single_image image=&#8221;10404&#8243; img_size=&#8221;full&#8221; css=&#8221;&#8221;][vc_empty_space height=&#8221;30px&#8221;][\/vc_column][\/vc_row][vc_row][vc_column width=&#8221;1\/4&#8243;][vc_single_image image=&#8221;10410&#8243; img_size=&#8221;full&#8221; css=&#8221;&#8221;][vc_custom_heading text=&#8221;\u00a9Cabanas no Rio&#8221; font_container=&#8221;tag:p|font_size:12|text_align:left&#8221; google_fonts=&#8221;font_family:Fira%20Sans%3A300%2C300italic%2C400%2C400italic%2C500%2C500italic%2C700%2C700italic|font_style:300%20light%20regular%3A300%3Anormal&#8221; css=&#8221;&#8221;][\/vc_column][vc_column width=&#8221;1\/4&#8243;][vc_single_image image=&#8221;10408&#8243; img_size=&#8221;full&#8221; css=&#8221;&#8221;][vc_empty_space height=&#8221;30px&#8221;][\/vc_column][vc_column width=&#8221;1\/2&#8243;][vc_single_image image=&#8221;10412&#8243; img_size=&#8221;full&#8221; css=&#8221;&#8221;][\/vc_column][\/vc_row][vc_row][vc_column width=&#8221;1\/4&#8243;][\/vc_column][vc_column width=&#8221;3\/4&#8243;][vc_column_text css=&#8221;.vc_custom_1765989639019{margin-top: 0px !important;}&#8221;]<\/p>\n<h3><strong>Casa do Rio<\/strong><\/h3>\n<p>[\/vc_column_text][vc_empty_space height=&#8221;15px&#8221;][vc_custom_heading text=&#8221;Upper Douro, Quinta do Vallado&#8221; font_container=&#8221;tag:h4|font_size:18|text_align:left|line_height:0px&#8221; google_fonts=&#8221;font_family:Playfair%20Display%3Aregular%2Citalic%2C700%2C700italic%2C900%2C900italic|font_style:400%20italic%3A400%3Aitalic&#8221; css=&#8221;.vc_custom_1766507829021{margin-bottom: 0px !important;}&#8221;][vc_empty_space height=&#8221;40px&#8221;][vc_column_text css=&#8221;.vc_custom_1766507852007{margin-top: 0px !important;}&#8221;]At the far eastern tip of the Douro, the landscape speaks in terraces, river bends, and still skies. Time stretches. The air is old and wise.<\/p>\n<p>Casa do Rio takes wine hospitality to contemplative levels: wood-and-slate structures with sweeping river views, infinity pool merging into the valley, and rooms designed for silence. This is the Douro without the crowds, deeply immersive, deeply restorative.[\/vc_column_text][vc_separator color=&#8221;custom&#8221; css=&#8221;.vc_custom_1765973463032{margin-top: 20px !important;margin-bottom: 20px !important;}&#8221; accent_color=&#8221;#A7A7A7&#8243;][vc_column_text css=&#8221;.vc_custom_1766507883361{margin-top: 0px !important;}&#8221; el_class=&#8221;extra-text&#8221;]<strong>WHAT TO DO \/ EXPERIENCE<\/strong><\/p>\n<p>\u2192\u00a0Natural wine tastings from the estate, close to the terroir.<br \/>\n\u2192\u00a0Walk ancient trails along vineyards and riverbanks.<br \/>\n\u2192\u00a0Take a morning boat trip and watch the light rise over the valley.<br \/>\n\u2192\u00a0Dine slowly. Gaze at stars. Listen to the night.<\/p>\n<p><strong>\ud83c\udf10 <a href=\"http:\/\/www.quintadovallado.com\" target=\"_blank\" rel=\"noopener\">www.quintadovallado.com<\/a><\/strong>[\/vc_column_text][vc_separator color=&#8221;custom&#8221; css=&#8221;.vc_custom_1765973463032{margin-top: 20px !important;margin-bottom: 20px !important;}&#8221; accent_color=&#8221;#A7A7A7&#8243;][vc_empty_space height=&#8221;100px&#8221;][\/vc_column][\/vc_row][vc_row][vc_column][vc_single_image image=&#8221;10415&#8243; img_size=&#8221;full&#8221; css=&#8221;&#8221;][vc_empty_space height=&#8221;30px&#8221;][\/vc_column][\/vc_row][vc_row][vc_column width=&#8221;1\/2&#8243;][vc_single_image image=&#8221;10422&#8243; img_size=&#8221;full&#8221; css=&#8221;&#8221;][vc_empty_space height=&#8221;30px&#8221;][\/vc_column][vc_column width=&#8221;1\/2&#8243;][vc_single_image image=&#8221;10425&#8243; img_size=&#8221;full&#8221; css=&#8221;&#8221;][vc_empty_space height=&#8221;30px&#8221;][\/vc_column][\/vc_row][vc_row][vc_column][vc_single_image image=&#8221;10430&#8243; img_size=&#8221;full&#8221; css=&#8221;&#8221;][vc_custom_heading text=&#8221;\u00a9Craveiral Farmhouse&#8221; font_container=&#8221;tag:p|font_size:12|text_align:left&#8221; google_fonts=&#8221;font_family:Fira%20Sans%3A300%2C300italic%2C400%2C400italic%2C500%2C500italic%2C700%2C700italic|font_style:300%20light%20regular%3A300%3Anormal&#8221; css=&#8221;&#8221;][\/vc_column][\/vc_row][vc_row][vc_column width=&#8221;1\/4&#8243;][\/vc_column][vc_column width=&#8221;3\/4&#8243;][vc_column_text css=&#8221;.vc_custom_1765993163266{margin-top: 0px !important;}&#8221;]<\/p>\n<h3><strong>Craveiral Farmhouse<\/strong><\/h3>\n<p>[\/vc_column_text][vc_empty_space height=&#8221;15px&#8221;][vc_custom_heading text=&#8221;S\u00e3o Teot\u00f3nio, Costa Vicentina&#8221; font_container=&#8221;tag:h4|font_size:18|text_align:left|line_height:0px&#8221; google_fonts=&#8221;font_family:Playfair%20Display%3Aregular%2Citalic%2C700%2C700italic%2C900%2C900italic|font_style:400%20italic%3A400%3Aitalic&#8221; css=&#8221;.vc_custom_1765993170993{margin-bottom: 0px !important;}&#8221;][vc_empty_space height=&#8221;40px&#8221;][vc_column_text css=&#8221;.vc_custom_1766507921737{margin-top: 0px !important;}&#8221;]Between inland Alentejo and the wild Atlantic, the landscape mixes plains, pinewoods, and waves. A place of quiet freedom and elemental rhythm.<\/p>\n<p>Craveiral is a modern rural estate: wood-and-stone houses, organic gardens, free-roaming donkeys, and architecture that bows to the land. The aesthetic is light and grounded. The spirit: community, sustainability, and reconnection.[\/vc_column_text][vc_separator color=&#8221;custom&#8221; css=&#8221;.vc_custom_1765973463032{margin-top: 20px !important;margin-bottom: 20px !important;}&#8221; accent_color=&#8221;#A7A7A7&#8243;][vc_column_text css=&#8221;.vc_custom_1766507957628{margin-top: 0px !important;}&#8221; el_class=&#8221;extra-text&#8221;]<strong>WHAT TO DO \/ EXPERIENCE<\/strong><\/p>\n<p>\u2192\u00a0Harvest herbs or pick vegetables for your own breakfast.<br \/>\n\u2192\u00a0Yoga or meditation at sunrise, birdsong as soundtrack.<br \/>\n\u2192\u00a0Hike to Zambujeira or along Vicentina coastal trails.<br \/>\n\u2192\u00a0Share meals outdoors, drink natural wine, talk long into the night.<\/p>\n<p><strong>\ud83c\udf10 <a href=\"http:\/\/www.craveiral.pt\" target=\"_blank\" rel=\"noopener\">www.craveiral.pt<\/a> <\/strong>[\/vc_column_text][vc_separator color=&#8221;custom&#8221; css=&#8221;.vc_custom_1765973463032{margin-top: 20px !important;margin-bottom: 20px !important;}&#8221; accent_color=&#8221;#A7A7A7&#8243;][vc_empty_space height=&#8221;100px&#8221;][\/vc_column][\/vc_row][vc_row][vc_column width=&#8221;3\/4&#8243;][vc_single_image image=&#8221;10440&#8243; img_size=&#8221;full&#8221; css=&#8221;&#8221;][vc_empty_space height=&#8221;30px&#8221;][\/vc_column][vc_column width=&#8221;1\/4&#8243;][vc_single_image image=&#8221;10438&#8243; img_size=&#8221;full&#8221; css=&#8221;&#8221;][vc_empty_space height=&#8221;30px&#8221;][\/vc_column][\/vc_row][vc_row][vc_column width=&#8221;1\/4&#8243;][vc_single_image image=&#8221;10443&#8243; img_size=&#8221;full&#8221; css=&#8221;&#8221;][vc_custom_heading text=&#8221;\u00a9Herdade da Matinha&#8221; font_container=&#8221;tag:p|font_size:12|text_align:left&#8221; google_fonts=&#8221;font_family:Fira%20Sans%3A300%2C300italic%2C400%2C400italic%2C500%2C500italic%2C700%2C700italic|font_style:300%20light%20regular%3A300%3Anormal&#8221; css=&#8221;&#8221;][\/vc_column][vc_column width=&#8221;1\/4&#8243;][vc_single_image image=&#8221;10447&#8243; img_size=&#8221;full&#8221; css=&#8221;&#8221;][vc_empty_space height=&#8221;30px&#8221;][\/vc_column][vc_column width=&#8221;1\/2&#8243;][vc_single_image image=&#8221;10445&#8243; img_size=&#8221;full&#8221; css=&#8221;&#8221;][\/vc_column][\/vc_row][vc_row][vc_column width=&#8221;1\/4&#8243;][\/vc_column][vc_column width=&#8221;3\/4&#8243;][vc_column_text css=&#8221;.vc_custom_1765994892139{margin-top: 0px !important;}&#8221;]<\/p>\n<h3><strong>Herdade da Matinha<\/strong><\/h3>\n<p>[\/vc_column_text][vc_empty_space height=&#8221;15px&#8221;][vc_custom_heading text=&#8221;Cercal do Alentejo, Alentejo&#8221; font_container=&#8221;tag:h4|font_size:18|text_align:left|line_height:0px&#8221; google_fonts=&#8221;font_family:Playfair%20Display%3Aregular%2Citalic%2C700%2C700italic%2C900%2C900italic|font_style:400%20italic%3A400%3Aitalic&#8221; css=&#8221;.vc_custom_1765994900844{margin-bottom: 0px !important;}&#8221;][vc_empty_space height=&#8221;40px&#8221;][vc_column_text css=&#8221;.vc_custom_1766507998248{margin-top: 0px !important;}&#8221;]In this part of Alentejo where countryside meets the ocean, the scent of eucalyptus and sea salt blend. A land of contrasts, ideal for those seeking stillness and movement.<\/p>\n<p>Herdade da Matinha breathes bohemian charm and soulful hospitality. Painted walls, eclectic art, horses, and trees, every corner invites pause and play. The atmosphere is personal, creative, and intensely human.[\/vc_column_text][vc_separator color=&#8221;custom&#8221; css=&#8221;.vc_custom_1765973463032{margin-top: 20px !important;margin-bottom: 20px !important;}&#8221; accent_color=&#8221;#A7A7A7&#8243;][vc_column_text css=&#8221;.vc_custom_1766508032593{margin-top: 0px !important;}&#8221; el_class=&#8221;extra-text&#8221;]<strong>WHAT TO DO \/ EXPERIENCE<\/strong><\/p>\n<p>\u2192\u00a0Ride horseback through open trails.<br \/>\n\u2192\u00a0Practice yoga under the trees.<br \/>\n\u2192\u00a0Hike to the Vicentina coast \u2014 sea and hills in one day.<br \/>\n\u2192\u00a0Enjoy slow, communal dinners with soft music and wine.<\/p>\n<p><strong>\ud83c\udf10 <a href=\"http:\/\/www.herdadedamatinha.com\" target=\"_blank\" rel=\"noopener\">www.herdadedamatinha.com<\/a> <\/strong>[\/vc_column_text][vc_separator color=&#8221;custom&#8221; css=&#8221;.vc_custom_1765973463032{margin-top: 20px !important;margin-bottom: 20px !important;}&#8221; accent_color=&#8221;#A7A7A7&#8243;][vc_empty_space height=&#8221;100px&#8221;][\/vc_column][\/vc_row][vc_row][vc_column][vc_single_image image=&#8221;10467&#8243; img_size=&#8221;full&#8221; css=&#8221;&#8221;][vc_empty_space height=&#8221;30px&#8221;][\/vc_column][\/vc_row][vc_row][vc_column width=&#8221;1\/2&#8243;][vc_single_image image=&#8221;10465&#8243; img_size=&#8221;full&#8221; css=&#8221;&#8221;][vc_empty_space height=&#8221;30px&#8221;][\/vc_column][vc_column width=&#8221;1\/2&#8243;][vc_single_image image=&#8221;10463&#8243; img_size=&#8221;full&#8221; css=&#8221;&#8221;][vc_empty_space height=&#8221;30px&#8221;][\/vc_column][\/vc_row][vc_row][vc_column][vc_single_image image=&#8221;10461&#8243; img_size=&#8221;full&#8221; css=&#8221;&#8221;][vc_custom_heading text=&#8221;\u00a9Pa.te.os&#8221; font_container=&#8221;tag:p|font_size:12|text_align:left&#8221; google_fonts=&#8221;font_family:Fira%20Sans%3A300%2C300italic%2C400%2C400italic%2C500%2C500italic%2C700%2C700italic|font_style:300%20light%20regular%3A300%3Anormal&#8221; css=&#8221;&#8221;][\/vc_column][\/vc_row][vc_row][vc_column width=&#8221;1\/4&#8243;][\/vc_column][vc_column width=&#8221;3\/4&#8243;][vc_column_text css=&#8221;.vc_custom_1766057233417{margin-top: 0px !important;}&#8221;]<\/p>\n<h3><strong>Pa.te.os\u00a0<\/strong><\/h3>\n<p>[\/vc_column_text][vc_empty_space height=&#8221;15px&#8221;][vc_custom_heading text=&#8221;Melides, Alentejo Coast &#8221; font_container=&#8221;tag:h4|font_size:18|text_align:left|line_height:0px&#8221; google_fonts=&#8221;font_family:Playfair%20Display%3Aregular%2Citalic%2C700%2C700italic%2C900%2C900italic|font_style:400%20italic%3A400%3Aitalic&#8221; css=&#8221;.vc_custom_1766508063392{margin-bottom: 0px !important;}&#8221;][vc_empty_space height=&#8221;40px&#8221;][vc_column_text css=&#8221;.vc_custom_1766508083468{margin-top: 0px !important;}&#8221;]Above the golden plains of Melides, time expands. Pitched between dry pines and open skies, silence becomes a physical presence.<\/p>\n<p>Designed by architect Manuel Aires Mateus, these white-cube houses redefine minimalist luxury. Stark geometry meets gentle light. Interiors are bare, deliberate, poetic, made for stillness and inner space.[\/vc_column_text][vc_separator color=&#8221;custom&#8221; css=&#8221;.vc_custom_1765973463032{margin-top: 20px !important;margin-bottom: 20px !important;}&#8221; accent_color=&#8221;#A7A7A7&#8243;][vc_column_text css=&#8221;.vc_custom_1766508114028{margin-top: 0px !important;}&#8221; el_class=&#8221;extra-text&#8221;]<strong>WHAT TO DO \/ EXPERIENCE<\/strong><\/p>\n<p>\u2192\u00a0Read on the terrace, follow the sun\u2019s arc.<br \/>\n\u2192\u00a0Photograph the long shadows of late afternoon.<br \/>\n\u2192\u00a0Float in the pool. Sleep early. Wake up slowly.<\/p>\n<p><strong>\ud83c\udf10 <a href=\"http:\/\/www.pateos.pt\" target=\"_blank\" rel=\"noopener\">www.pateos.pt<\/a><\/strong>[\/vc_column_text][vc_separator color=&#8221;custom&#8221; css=&#8221;.vc_custom_1765973463032{margin-top: 20px !important;margin-bottom: 20px !important;}&#8221; accent_color=&#8221;#A7A7A7&#8243;][vc_empty_space height=&#8221;100px&#8221;][\/vc_column][\/vc_row][vc_row][vc_column width=&#8221;1\/2&#8243;][vc_single_image image=&#8221;10477&#8243; img_size=&#8221;full&#8221; css=&#8221;&#8221;][vc_empty_space height=&#8221;30px&#8221;][\/vc_column][vc_column width=&#8221;1\/2&#8243;][vc_single_image image=&#8221;10471&#8243; img_size=&#8221;full&#8221; css=&#8221;&#8221;][vc_empty_space height=&#8221;30px&#8221;][\/vc_column][\/vc_row][vc_row][vc_column width=&#8221;1\/2&#8243;][vc_single_image image=&#8221;10475&#8243; img_size=&#8221;full&#8221; css=&#8221;&#8221;][vc_custom_heading text=&#8221;\u00a9Pedras Salgadas Spa &amp; Nature Park&#8221; font_container=&#8221;tag:p|font_size:12|text_align:left&#8221; google_fonts=&#8221;font_family:Fira%20Sans%3A300%2C300italic%2C400%2C400italic%2C500%2C500italic%2C700%2C700italic|font_style:300%20light%20regular%3A300%3Anormal&#8221; css=&#8221;&#8221;][\/vc_column][vc_column width=&#8221;1\/2&#8243;][vc_single_image image=&#8221;10473&#8243; img_size=&#8221;full&#8221; css=&#8221;&#8221;][vc_empty_space height=&#8221;30px&#8221;][\/vc_column][\/vc_row][vc_row][vc_column width=&#8221;1\/4&#8243;][\/vc_column][vc_column width=&#8221;3\/4&#8243;][vc_column_text css=&#8221;.vc_custom_1766057394793{margin-top: 0px !important;}&#8221;]<\/p>\n<h3><strong>Pedras Salgadas Spa &amp; Nature Park<\/strong><\/h3>\n<p>[\/vc_column_text][vc_empty_space height=&#8221;15px&#8221;][vc_custom_heading text=&#8221;Vila Pouca de Aguiar, Tr\u00e1s-os-Montes&#8221; font_container=&#8221;tag:h4|font_size:18|text_align:left|line_height:0px&#8221; google_fonts=&#8221;font_family:Playfair%20Display%3Aregular%2Citalic%2C700%2C700italic%2C900%2C900italic|font_style:400%20italic%3A400%3Aitalic&#8221; css=&#8221;.vc_custom_1766057404660{margin-bottom: 0px !important;}&#8221;][vc_empty_space height=&#8221;40px&#8221;][vc_column_text css=&#8221;.vc_custom_1766508149752{margin-top: 0px !important;}&#8221;]In the green heart of Tr\u00e1s-os-Montes, a 19th-century thermal spa is reborn as a nature escape. Modular eco-houses by Lu\u00eds Rebelo de Andrade blend seamlessly into the forest of sequoias and chestnut trees.<\/p>\n<p>The old mineral springs, once favoured by royalty, now flow into a sleek, quiet spa surrounded by birdsong and moss. A modern sanctuary wrapped in time.[\/vc_column_text][vc_separator color=&#8221;custom&#8221; css=&#8221;.vc_custom_1765973463032{margin-top: 20px !important;margin-bottom: 20px !important;}&#8221; accent_color=&#8221;#A7A7A7&#8243;][vc_column_text css=&#8221;.vc_custom_1766508184216{margin-top: 0px !important;}&#8221; el_class=&#8221;extra-text&#8221;]<strong>WHAT TO DO \/ EXPERIENCE<\/strong><\/p>\n<p>\u2192\u00a0Thermal spa sessions in silence.<br \/>\n\u2192\u00a0Walks under 100-year-old trees.<br \/>\n\u2192\u00a0Watch the light filter through the forest canopy.<\/p>\n<p><strong>\ud83c\udf10 <a href=\"http:\/\/www.pedrassalgadaspark.com\" target=\"_blank\" rel=\"noopener\">www.pedrassalgadaspark.com<\/a> <\/strong>[\/vc_column_text][vc_separator color=&#8221;custom&#8221; css=&#8221;.vc_custom_1765973463032{margin-top: 20px !important;margin-bottom: 20px !important;}&#8221; accent_color=&#8221;#A7A7A7&#8243;][vc_empty_space height=&#8221;100px&#8221;][\/vc_column][\/vc_row][vc_row][vc_column][vc_single_image image=&#8221;10497&#8243; img_size=&#8221;full&#8221; css=&#8221;&#8221;][vc_empty_space height=&#8221;30px&#8221;][\/vc_column][\/vc_row][vc_row][vc_column width=&#8221;2\/3&#8243;][vc_single_image image=&#8221;10503&#8243; img_size=&#8221;full&#8221; css=&#8221;&#8221;][vc_empty_space height=&#8221;30px&#8221;][\/vc_column][vc_column width=&#8221;1\/3&#8243;][vc_single_image image=&#8221;10491&#8243; img_size=&#8221;full&#8221; css=&#8221;&#8221;][vc_empty_space height=&#8221;30px&#8221;][\/vc_column][\/vc_row][vc_row][vc_column width=&#8221;1\/3&#8243;][vc_single_image image=&#8221;10495&#8243; img_size=&#8221;full&#8221; css=&#8221;&#8221;][vc_custom_heading text=&#8221;\u00a9Cucumbi&#8221; font_container=&#8221;tag:p|font_size:12|text_align:left&#8221; google_fonts=&#8221;font_family:Fira%20Sans%3A300%2C300italic%2C400%2C400italic%2C500%2C500italic%2C700%2C700italic|font_style:300%20light%20regular%3A300%3Anormal&#8221; css=&#8221;&#8221;][\/vc_column][vc_column width=&#8221;2\/3&#8243;][vc_single_image image=&#8221;10501&#8243; img_size=&#8221;full&#8221; css=&#8221;&#8221;][vc_empty_space height=&#8221;30px&#8221;][\/vc_column][\/vc_row][vc_row][vc_column width=&#8221;1\/4&#8243;][\/vc_column][vc_column width=&#8221;3\/4&#8243;][vc_column_text css=&#8221;.vc_custom_1766057789098{margin-top: 0px !important;}&#8221;]<\/p>\n<h3><strong>Cucumbi<\/strong><\/h3>\n<p>[\/vc_column_text][vc_empty_space height=&#8221;15px&#8221;][vc_custom_heading text=&#8221;Barranc\u00e3o, Alentejo&#8221; font_container=&#8221;tag:h4|font_size:18|text_align:left|line_height:0px&#8221; google_fonts=&#8221;font_family:Playfair%20Display%3Aregular%2Citalic%2C700%2C700italic%2C900%2C900italic|font_style:400%20italic%3A400%3Aitalic&#8221; css=&#8221;.vc_custom_1766057809114{margin-bottom: 0px !important;}&#8221;][vc_empty_space height=&#8221;40px&#8221;][vc_column_text css=&#8221;.vc_custom_1766508220168{margin-top: 0px !important;}&#8221;]In the vast golden plains of Alentejo, surrounded by olive trees, chickens, and peace, Cucumbi reimagines the rural guesthouse. An old farm reborn with intention, charm, and soul.<\/p>\n<p>Each room is named after an animal. The d\u00e9cor is vintage, handmade, upcycled. Breakfast is organic, served under the sun. The pool reflects nothing but sky. Life slows, expands, deepens.[\/vc_column_text][vc_separator color=&#8221;custom&#8221; css=&#8221;.vc_custom_1765973463032{margin-top: 20px !important;margin-bottom: 20px !important;}&#8221; accent_color=&#8221;#A7A7A7&#8243;][vc_column_text css=&#8221;.vc_custom_1766508259688{margin-top: 0px !important;}&#8221; el_class=&#8221;extra-text&#8221;]<strong>WHAT TO DO \/ EXPERIENCE<\/strong><\/p>\n<p>\u2192\u00a0Walk aimlessly between olive trees.<br \/>\n\u2192\u00a0Dine under stars with Alentejo wine.<br \/>\n\u2192\u00a0Talk with the hosts, long and slow, as day turns to night.<\/p>\n<p><strong>\ud83c\udf10 <a href=\"http:\/\/www.cucumbi.com\" target=\"_blank\" rel=\"noopener\">www.cucumbi.com<\/a> <\/strong>[\/vc_column_text][vc_separator color=&#8221;custom&#8221; css=&#8221;.vc_custom_1765973463032{margin-top: 20px !important;margin-bottom: 20px !important;}&#8221; accent_color=&#8221;#A7A7A7&#8243;][vc_empty_space height=&#8221;100px&#8221;][\/vc_column][\/vc_row][vc_row][vc_column width=&#8221;1\/4&#8243;][vc_empty_space height=&#8221;30px&#8221;][vc_custom_heading text=&#8221;Because the rarest luxury today isn\u2019t what you flaunt.<br \/>\nIt\u2019s what you feel.&#8221; font_container=&#8221;tag:h4|font_size:26|text_align:left|line_height:1.5&#8243; google_fonts=&#8221;font_family:Playfair%20Display%3Aregular%2Citalic%2C700%2C700italic%2C900%2C900italic|font_style:400%20italic%3A400%3Aitalic&#8221; css=&#8221;&#8221;][\/vc_column][vc_column width=&#8221;3\/4&#8243;][vc_column_text css=&#8221;&#8221;]<\/p>\n<h3><strong>A State of Mind, Not a Status Symbol<\/strong><\/h3>\n<p>This new Portuguese luxury doesn\u2019t shout. It doesn\u2019t flash. It doesn\u2019t rush. It waits. It welcomes. It teaches you to slow down. To listen. To feel.<\/p>\n<p>In a world that moves too fast, Portugal offers something rare: a pause. A breath. A chance to rediscover time and ourselves.<\/p>\n<p>Because the rarest luxury today isn\u2019t what you flaunt.<br \/>\nIt\u2019s what you feel.[\/vc_column_text][vc_empty_space height=&#8221;50px&#8221;][\/vc_column][\/vc_row][vc_column][\/vc_column]<\/p>\n<\/div>","protected":false},"excerpt":{"rendered":"<p>H\u00e1 lugares onde o verdadeiro luxo \u00e9 poder abrandar. Casas sem rede, sil\u00eancio absoluto e paisagens que convidam a abrandar. O alojamento ideal para quem procura tempo, espa\u00e7o e autenticidade. <\/p>\n","protected":false},"author":1,"featured_media":10472,"comment_status":"open","ping_status":"closed","sticky":false,"template":"","format":"standard","meta":{"_acf_changed":false,"_themeisle_gutenberg_block_has_review":false,"footnotes":""},"categories":[188,225],"tags":[],"class_list":["post-10591","post","type-post","status-publish","format-standard","has-post-thumbnail","hentry","category-places-to-stay","category-design-and-architecture"],"acf":[],"yoast_head":"<!-- This site is optimized with the Yoast SEO plugin v27.4 - https:\/\/yoast.com\/product\/yoast-seo-wordpress\/ -->\n<title>Portugal\u2019s new luxury: time, space and silence - Find Portugal<\/title>\n<meta name=\"description\" content=\"Discover a new way of being: silence, space and time in unique retreats that reinvent relaxation and reconnection.\" \/>\n<meta name=\"robots\" content=\"index, follow, max-snippet:-1, max-image-preview:large, max-video-preview:-1\" \/>\n<link rel=\"canonical\" href=\"https:\/\/www.findportugal.pt\/en\/portugals-new-luxury-time-space-and-silence\/\" \/>\n<meta property=\"og:locale\" content=\"en_US\" \/>\n<meta property=\"og:type\" content=\"article\" \/>\n<meta property=\"og:title\" content=\"New Portuguese luxury: where time, space and silence are the real treasures\" \/>\n<meta property=\"og:description\" content=\"This form of enjoyment is not measured in stars, but in silence. In time for yourself. In space to breathe. Forget trendy rooftops and resorts with wristbands. In this article, we take you on a journey to discover hideaways in Portugal where true refinement is made up of calm, architecture and authenticity. Read the full article at findportugal.pt\" \/>\n<meta property=\"og:url\" content=\"https:\/\/www.findportugal.pt\/en\/portugals-new-luxury-time-space-and-silence\/\" \/>\n<meta property=\"og:site_name\" content=\"Find Portugal\" \/>\n<meta property=\"article:published_time\" content=\"2025-12-18T10:49:26+00:00\" \/>\n<meta property=\"article:modified_time\" content=\"2026-01-23T18:26:25+00:00\" \/>\n<meta property=\"og:image\" content=\"https:\/\/www.findportugal.pt\/wp-content\/uploads\/2025\/12\/Find-Portugal-O-novo-luxo-portugues-FB-1200x630-1.jpg\" \/>\n\t<meta property=\"og:image:width\" content=\"1200\" \/>\n\t<meta property=\"og:image:height\" content=\"630\" \/>\n\t<meta property=\"og:image:type\" content=\"image\/jpeg\" \/>\n<meta name=\"author\" content=\"admin\" \/>\n<meta name=\"twitter:card\" content=\"summary_large_image\" \/>\n<meta name=\"twitter:title\" content=\"New Portuguese luxury: where time, space and silence are the real treasures\" \/>\n<meta name=\"twitter:description\" content=\"In this article, we take you on a journey to discover hideaways in Portugal where true refinement is made up of calm, architecture and authenticity. Read the full article at findportugal.pt\" \/>\n<meta name=\"twitter:image\" content=\"https:\/\/www.findportugal.pt\/wp-content\/uploads\/2025\/12\/Find-Portugal-O-novo-luxo-portugues-FB-1200x630-1.jpg\" \/>\n<meta name=\"twitter:label1\" content=\"Written by\" \/>\n\t<meta name=\"twitter:data1\" content=\"admin\" \/>\n\t<meta name=\"twitter:label2\" content=\"Est. reading time\" \/>\n\t<meta name=\"twitter:data2\" content=\"10 minutes\" \/>\n<script type=\"application\/ld+json\" class=\"yoast-schema-graph\">{\"@context\":\"https:\\\/\\\/schema.org\",\"@graph\":[{\"@type\":\"Article\",\"@id\":\"https:\\\/\\\/www.findportugal.pt\\\/en\\\/portugals-new-luxury-time-space-and-silence\\\/#article\",\"isPartOf\":{\"@id\":\"https:\\\/\\\/www.findportugal.pt\\\/en\\\/portugals-new-luxury-time-space-and-silence\\\/\"},\"author\":{\"name\":\"admin\",\"@id\":\"https:\\\/\\\/www.findportugal.pt\\\/en\\\/#\\\/schema\\\/person\\\/1d007c8b5ea4afbf592667260df3b019\"},\"headline\":\"Portugal\u2019s new luxury: time, space and silence\",\"datePublished\":\"2025-12-18T10:49:26+00:00\",\"dateModified\":\"2026-01-23T18:26:25+00:00\",\"mainEntityOfPage\":{\"@id\":\"https:\\\/\\\/www.findportugal.pt\\\/en\\\/portugals-new-luxury-time-space-and-silence\\\/\"},\"wordCount\":3437,\"commentCount\":0,\"image\":{\"@id\":\"https:\\\/\\\/www.findportugal.pt\\\/en\\\/portugals-new-luxury-time-space-and-silence\\\/#primaryimage\"},\"thumbnailUrl\":\"https:\\\/\\\/www.findportugal.pt\\\/wp-content\\\/uploads\\\/2025\\\/12\\\/Find-Portugal-Pedras-Salgadas-4.jpg\",\"articleSection\":[\"Places to Stay\",\"Design &amp; Architecture\"],\"inLanguage\":\"en-US\",\"potentialAction\":[{\"@type\":\"CommentAction\",\"name\":\"Comment\",\"target\":[\"https:\\\/\\\/www.findportugal.pt\\\/en\\\/portugals-new-luxury-time-space-and-silence\\\/#respond\"]}]},{\"@type\":\"WebPage\",\"@id\":\"https:\\\/\\\/www.findportugal.pt\\\/en\\\/portugals-new-luxury-time-space-and-silence\\\/\",\"url\":\"https:\\\/\\\/www.findportugal.pt\\\/en\\\/portugals-new-luxury-time-space-and-silence\\\/\",\"name\":\"Portugal\u2019s new luxury: time, space and silence - Find Portugal\",\"isPartOf\":{\"@id\":\"https:\\\/\\\/www.findportugal.pt\\\/en\\\/#website\"},\"primaryImageOfPage\":{\"@id\":\"https:\\\/\\\/www.findportugal.pt\\\/en\\\/portugals-new-luxury-time-space-and-silence\\\/#primaryimage\"},\"image\":{\"@id\":\"https:\\\/\\\/www.findportugal.pt\\\/en\\\/portugals-new-luxury-time-space-and-silence\\\/#primaryimage\"},\"thumbnailUrl\":\"https:\\\/\\\/www.findportugal.pt\\\/wp-content\\\/uploads\\\/2025\\\/12\\\/Find-Portugal-Pedras-Salgadas-4.jpg\",\"datePublished\":\"2025-12-18T10:49:26+00:00\",\"dateModified\":\"2026-01-23T18:26:25+00:00\",\"author\":{\"@id\":\"https:\\\/\\\/www.findportugal.pt\\\/en\\\/#\\\/schema\\\/person\\\/1d007c8b5ea4afbf592667260df3b019\"},\"description\":\"Discover a new way of being: silence, space and time in unique retreats that reinvent relaxation and reconnection.\",\"breadcrumb\":{\"@id\":\"https:\\\/\\\/www.findportugal.pt\\\/en\\\/portugals-new-luxury-time-space-and-silence\\\/#breadcrumb\"},\"inLanguage\":\"en-US\",\"potentialAction\":[{\"@type\":\"ReadAction\",\"target\":[\"https:\\\/\\\/www.findportugal.pt\\\/en\\\/portugals-new-luxury-time-space-and-silence\\\/\"]}]},{\"@type\":\"ImageObject\",\"inLanguage\":\"en-US\",\"@id\":\"https:\\\/\\\/www.findportugal.pt\\\/en\\\/portugals-new-luxury-time-space-and-silence\\\/#primaryimage\",\"url\":\"https:\\\/\\\/www.findportugal.pt\\\/wp-content\\\/uploads\\\/2025\\\/12\\\/Find-Portugal-Pedras-Salgadas-4.jpg\",\"contentUrl\":\"https:\\\/\\\/www.findportugal.pt\\\/wp-content\\\/uploads\\\/2025\\\/12\\\/Find-Portugal-Pedras-Salgadas-4.jpg\",\"width\":1365,\"height\":1365},{\"@type\":\"BreadcrumbList\",\"@id\":\"https:\\\/\\\/www.findportugal.pt\\\/en\\\/portugals-new-luxury-time-space-and-silence\\\/#breadcrumb\",\"itemListElement\":[{\"@type\":\"ListItem\",\"position\":1,\"name\":\"In\u00edcio\",\"item\":\"https:\\\/\\\/www.findportugal.pt\\\/en\\\/\"},{\"@type\":\"ListItem\",\"position\":2,\"name\":\"Portugal\u2019s new luxury: time, space and silence\"}]},{\"@type\":\"WebSite\",\"@id\":\"https:\\\/\\\/www.findportugal.pt\\\/en\\\/#website\",\"url\":\"https:\\\/\\\/www.findportugal.pt\\\/en\\\/\",\"name\":\"Find Madeira\",\"description\":\"\",\"potentialAction\":[{\"@type\":\"SearchAction\",\"target\":{\"@type\":\"EntryPoint\",\"urlTemplate\":\"https:\\\/\\\/www.findportugal.pt\\\/en\\\/?s={search_term_string}\"},\"query-input\":{\"@type\":\"PropertyValueSpecification\",\"valueRequired\":true,\"valueName\":\"search_term_string\"}}],\"inLanguage\":\"en-US\"},{\"@type\":\"Person\",\"@id\":\"https:\\\/\\\/www.findportugal.pt\\\/en\\\/#\\\/schema\\\/person\\\/1d007c8b5ea4afbf592667260df3b019\",\"name\":\"admin\",\"image\":{\"@type\":\"ImageObject\",\"inLanguage\":\"en-US\",\"@id\":\"https:\\\/\\\/secure.gravatar.com\\\/avatar\\\/6b3cbb56714563c5c778f5320a69c8485878fe2b4de54caa417ca2c51e968a7f?s=96&d=mm&r=g\",\"url\":\"https:\\\/\\\/secure.gravatar.com\\\/avatar\\\/6b3cbb56714563c5c778f5320a69c8485878fe2b4de54caa417ca2c51e968a7f?s=96&d=mm&r=g\",\"contentUrl\":\"https:\\\/\\\/secure.gravatar.com\\\/avatar\\\/6b3cbb56714563c5c778f5320a69c8485878fe2b4de54caa417ca2c51e968a7f?s=96&d=mm&r=g\",\"caption\":\"admin\"},\"sameAs\":[\"https:\\\/\\\/findmadeira.pt\"],\"url\":\"https:\\\/\\\/www.findportugal.pt\\\/en\\\/author\\\/tgadmin\\\/\"}]}<\/script>\n<!-- \/ Yoast SEO plugin. -->","yoast_head_json":{"title":"Portugal\u2019s new luxury: time, space and silence - Find Portugal","description":"Discover a new way of being: silence, space and time in unique retreats that reinvent relaxation and reconnection.","robots":{"index":"index","follow":"follow","max-snippet":"max-snippet:-1","max-image-preview":"max-image-preview:large","max-video-preview":"max-video-preview:-1"},"canonical":"https:\/\/www.findportugal.pt\/en\/portugals-new-luxury-time-space-and-silence\/","og_locale":"en_US","og_type":"article","og_title":"New Portuguese luxury: where time, space and silence are the real treasures","og_description":"This form of enjoyment is not measured in stars, but in silence. In time for yourself. In space to breathe. Forget trendy rooftops and resorts with wristbands. In this article, we take you on a journey to discover hideaways in Portugal where true refinement is made up of calm, architecture and authenticity. Read the full article at findportugal.pt","og_url":"https:\/\/www.findportugal.pt\/en\/portugals-new-luxury-time-space-and-silence\/","og_site_name":"Find Portugal","article_published_time":"2025-12-18T10:49:26+00:00","article_modified_time":"2026-01-23T18:26:25+00:00","og_image":[{"width":1200,"height":630,"url":"https:\/\/www.findportugal.pt\/wp-content\/uploads\/2025\/12\/Find-Portugal-O-novo-luxo-portugues-FB-1200x630-1.jpg","type":"image\/jpeg"}],"author":"admin","twitter_card":"summary_large_image","twitter_title":"New Portuguese luxury: where time, space and silence are the real treasures","twitter_description":"In this article, we take you on a journey to discover hideaways in Portugal where true refinement is made up of calm, architecture and authenticity. Read the full article at findportugal.pt","twitter_image":"https:\/\/www.findportugal.pt\/wp-content\/uploads\/2025\/12\/Find-Portugal-O-novo-luxo-portugues-FB-1200x630-1.jpg","twitter_misc":{"Written by":"admin","Est. reading time":"10 minutes"},"schema":{"@context":"https:\/\/schema.org","@graph":[{"@type":"Article","@id":"https:\/\/www.findportugal.pt\/en\/portugals-new-luxury-time-space-and-silence\/#article","isPartOf":{"@id":"https:\/\/www.findportugal.pt\/en\/portugals-new-luxury-time-space-and-silence\/"},"author":{"name":"admin","@id":"https:\/\/www.findportugal.pt\/en\/#\/schema\/person\/1d007c8b5ea4afbf592667260df3b019"},"headline":"Portugal\u2019s new luxury: time, space and silence","datePublished":"2025-12-18T10:49:26+00:00","dateModified":"2026-01-23T18:26:25+00:00","mainEntityOfPage":{"@id":"https:\/\/www.findportugal.pt\/en\/portugals-new-luxury-time-space-and-silence\/"},"wordCount":3437,"commentCount":0,"image":{"@id":"https:\/\/www.findportugal.pt\/en\/portugals-new-luxury-time-space-and-silence\/#primaryimage"},"thumbnailUrl":"https:\/\/www.findportugal.pt\/wp-content\/uploads\/2025\/12\/Find-Portugal-Pedras-Salgadas-4.jpg","articleSection":["Places to Stay","Design &amp; Architecture"],"inLanguage":"en-US","potentialAction":[{"@type":"CommentAction","name":"Comment","target":["https:\/\/www.findportugal.pt\/en\/portugals-new-luxury-time-space-and-silence\/#respond"]}]},{"@type":"WebPage","@id":"https:\/\/www.findportugal.pt\/en\/portugals-new-luxury-time-space-and-silence\/","url":"https:\/\/www.findportugal.pt\/en\/portugals-new-luxury-time-space-and-silence\/","name":"Portugal\u2019s new luxury: time, space and silence - Find Portugal","isPartOf":{"@id":"https:\/\/www.findportugal.pt\/en\/#website"},"primaryImageOfPage":{"@id":"https:\/\/www.findportugal.pt\/en\/portugals-new-luxury-time-space-and-silence\/#primaryimage"},"image":{"@id":"https:\/\/www.findportugal.pt\/en\/portugals-new-luxury-time-space-and-silence\/#primaryimage"},"thumbnailUrl":"https:\/\/www.findportugal.pt\/wp-content\/uploads\/2025\/12\/Find-Portugal-Pedras-Salgadas-4.jpg","datePublished":"2025-12-18T10:49:26+00:00","dateModified":"2026-01-23T18:26:25+00:00","author":{"@id":"https:\/\/www.findportugal.pt\/en\/#\/schema\/person\/1d007c8b5ea4afbf592667260df3b019"},"description":"Discover a new way of being: silence, space and time in unique retreats that reinvent relaxation and reconnection.","breadcrumb":{"@id":"https:\/\/www.findportugal.pt\/en\/portugals-new-luxury-time-space-and-silence\/#breadcrumb"},"inLanguage":"en-US","potentialAction":[{"@type":"ReadAction","target":["https:\/\/www.findportugal.pt\/en\/portugals-new-luxury-time-space-and-silence\/"]}]},{"@type":"ImageObject","inLanguage":"en-US","@id":"https:\/\/www.findportugal.pt\/en\/portugals-new-luxury-time-space-and-silence\/#primaryimage","url":"https:\/\/www.findportugal.pt\/wp-content\/uploads\/2025\/12\/Find-Portugal-Pedras-Salgadas-4.jpg","contentUrl":"https:\/\/www.findportugal.pt\/wp-content\/uploads\/2025\/12\/Find-Portugal-Pedras-Salgadas-4.jpg","width":1365,"height":1365},{"@type":"BreadcrumbList","@id":"https:\/\/www.findportugal.pt\/en\/portugals-new-luxury-time-space-and-silence\/#breadcrumb","itemListElement":[{"@type":"ListItem","position":1,"name":"In\u00edcio","item":"https:\/\/www.findportugal.pt\/en\/"},{"@type":"ListItem","position":2,"name":"Portugal\u2019s new luxury: time, space and silence"}]},{"@type":"WebSite","@id":"https:\/\/www.findportugal.pt\/en\/#website","url":"https:\/\/www.findportugal.pt\/en\/","name":"Find Madeira","description":"","potentialAction":[{"@type":"SearchAction","target":{"@type":"EntryPoint","urlTemplate":"https:\/\/www.findportugal.pt\/en\/?s={search_term_string}"},"query-input":{"@type":"PropertyValueSpecification","valueRequired":true,"valueName":"search_term_string"}}],"inLanguage":"en-US"},{"@type":"Person","@id":"https:\/\/www.findportugal.pt\/en\/#\/schema\/person\/1d007c8b5ea4afbf592667260df3b019","name":"admin","image":{"@type":"ImageObject","inLanguage":"en-US","@id":"https:\/\/secure.gravatar.com\/avatar\/6b3cbb56714563c5c778f5320a69c8485878fe2b4de54caa417ca2c51e968a7f?s=96&d=mm&r=g","url":"https:\/\/secure.gravatar.com\/avatar\/6b3cbb56714563c5c778f5320a69c8485878fe2b4de54caa417ca2c51e968a7f?s=96&d=mm&r=g","contentUrl":"https:\/\/secure.gravatar.com\/avatar\/6b3cbb56714563c5c778f5320a69c8485878fe2b4de54caa417ca2c51e968a7f?s=96&d=mm&r=g","caption":"admin"},"sameAs":["https:\/\/findmadeira.pt"],"url":"https:\/\/www.findportugal.pt\/en\/author\/tgadmin\/"}]}},"_links":{"self":[{"href":"https:\/\/www.findportugal.pt\/en\/wp-json\/wp\/v2\/posts\/10591","targetHints":{"allow":["GET"]}}],"collection":[{"href":"https:\/\/www.findportugal.pt\/en\/wp-json\/wp\/v2\/posts"}],"about":[{"href":"https:\/\/www.findportugal.pt\/en\/wp-json\/wp\/v2\/types\/post"}],"author":[{"embeddable":true,"href":"https:\/\/www.findportugal.pt\/en\/wp-json\/wp\/v2\/users\/1"}],"replies":[{"embeddable":true,"href":"https:\/\/www.findportugal.pt\/en\/wp-json\/wp\/v2\/comments?post=10591"}],"version-history":[{"count":2,"href":"https:\/\/www.findportugal.pt\/en\/wp-json\/wp\/v2\/posts\/10591\/revisions"}],"predecessor-version":[{"id":10593,"href":"https:\/\/www.findportugal.pt\/en\/wp-json\/wp\/v2\/posts\/10591\/revisions\/10593"}],"wp:featuredmedia":[{"embeddable":true,"href":"https:\/\/www.findportugal.pt\/en\/wp-json\/wp\/v2\/media\/10472"}],"wp:attachment":[{"href":"https:\/\/www.findportugal.pt\/en\/wp-json\/wp\/v2\/media?parent=10591"}],"wp:term":[{"taxonomy":"category","embeddable":true,"href":"https:\/\/www.findportugal.pt\/en\/wp-json\/wp\/v2\/categories?post=10591"},{"taxonomy":"post_tag","embeddable":true,"href":"https:\/\/www.findportugal.pt\/en\/wp-json\/wp\/v2\/tags?post=10591"}],"curies":[{"name":"wp","href":"https:\/\/api.w.org\/{rel}","templated":true}]}}