{"id":10120,"date":"2025-12-05T15:37:55","date_gmt":"2025-12-05T15:37:55","guid":{"rendered":"https:\/\/www.findportugal.pt\/made-in-portugal-o-design-que-esta-a-mudar-o-mundo\/"},"modified":"2026-01-23T18:33:50","modified_gmt":"2026-01-23T18:33:50","slug":"made-in-portugal-the-quiet-revolution-of-portuguese-design","status":"publish","type":"post","link":"https:\/\/www.findportugal.pt\/en\/made-in-portugal-the-quiet-revolution-of-portuguese-design\/","title":{"rendered":"Made in Portugal: The Quiet Revolution of Portuguese Design"},"content":{"rendered":"<div class=\"wpb-content-wrapper\"><p>[vc_row][vc_column][vc_column_text css=&#8221;&#8221;]<\/p>\n<h5><em>By<\/em>\u00a0 <strong>Miguel Sur<\/strong><\/h5>\n<p>[\/vc_column_text][vc_column_text css=&#8221;&#8221;]<\/p>\n<h3>Portugal is quietly becoming a cult name in contemporary design. This isn\u2019t about mass trends or loud marketing campaigns. It\u2019s about understated elegance, sustainable materials, conscious production, and an aesthetic rooted in timeless simplicity over excess. This is the silent revolution of Portuguese design \u2014 and the world is finally starting to listen.<\/h3>\n<p>[\/vc_column_text][vc_empty_space height=&#8221;50px&#8221;][\/vc_column][\/vc_row][vc_row][vc_column][vc_single_image image=&#8221;10005&#8243; img_size=&#8221;full&#8221; css=&#8221;&#8221;][vc_custom_heading text=&#8221;\u00a9Wewood&#8221; font_container=&#8221;tag:p|font_size:12|text_align:left|color:%232A2A2A&#8221; google_fonts=&#8221;font_family:Fira%20Sans%3A300%2C300italic%2C400%2C400italic%2C500%2C500italic%2C700%2C700italic|font_style:300%20light%20regular%3A300%3Anormal&#8221; css=&#8221;.vc_custom_1764935751627{margin-top: 5px !important;margin-bottom: 0px !important;}&#8221;][vc_empty_space height=&#8221;30px&#8221;][\/vc_column][\/vc_row][vc_row][vc_column][vc_column_text css=&#8221;&#8221;]<\/p>\n<h3>From century-old factories to minimalist ateliers, from the granite landscapes of the North to the golden light of the Alentejo, a new generation of designers, artisans and brands is placing Portugal on the global design map, blending local <em>savoir-faire<\/em> with international sophistication.<\/h3>\n<p>[\/vc_column_text][vc_empty_space height=&#8221;70px&#8221;][\/vc_column][\/vc_row][vc_row][vc_column width=&#8221;1\/4&#8243; offset=&#8221;vc_hidden-xs&#8221;][vc_empty_space height=&#8221;30px&#8221;][vc_custom_heading text=&#8221;A natural material turned symbol of clean tech and quiet luxury.&#8221; font_container=&#8221;tag:h4|font_size:26|text_align:left|line_height:1.5&#8243; google_fonts=&#8221;font_family:Playfair%20Display%3Aregular%2Citalic%2C700%2C700italic%2C900%2C900italic|font_style:400%20italic%3A400%3Aitalic&#8221; css=&#8221;&#8221;][\/vc_column][vc_column width=&#8221;3\/4&#8243;][vc_column_text css=&#8221;.vc_custom_1765306723302{margin-right: 100px !important;margin-left: 100px !important;}&#8221;]<\/p>\n<h3><strong>Cork: A national symbol, a future material <\/strong><\/h3>\n<p>Portugal is the world\u2019s largest producer of cork, and it has turned this natural resource into a signature of design and innovation. Cork is no longer just a bottle stopper or classroom flooring \u2014 it\u2019s sculptural furniture, luxury surfaces, and a core element in sustainable architecture around the world.<\/p>\n<p><strong><a href=\"https:\/\/www.blackcork.pt\/\" target=\"_blank\" rel=\"noopener\"><u>Blackcork<\/u><\/a><\/strong>, created by the AMORIM group, is a design lab focused on <a href=\"https:\/\/www.blackcork.pt\/uploads\/catalogue\/Blackcork%20Catalogue%202023%20WEB.pdf\" target=\"_blank\" rel=\"noopener\"><u>contemporary pieces made from black cork<\/u><\/a>. Designed by names like Toni Grilo, Daniel Vieira, Gon\u00e7alo Campos and Lu\u00eds Nascimento, these works celebrate form, texture and lightness \u2014 from stools to sofas and lamps that feel like sculptures.<\/p>\n<p><a href=\"https:\/\/www.wicanders.pt\/\" target=\"_blank\" rel=\"noopener\"><strong><u>Wicanders<\/u><\/strong><\/a>, a brand specialising in premium wall and floor coverings, merges cork with wood or stone to offer thermal and acoustic insulation with a design-driven touch. Its sustainable and technical performance has earned it global recognition.<\/p>\n<p><strong><a href=\"https:\/\/amorimcorksolutions.com\/pt\/\" target=\"_blank\" rel=\"noopener\"><u>Amorim Cork Solutions<\/u><\/a><\/strong> develops expanded cork for engineering, architecture and industrial design \u2014 supplying solutions for the London Underground, Japanese eco-buildings, and passive houses in California. A landmark moment was the Portuguese Pavilion at Expo Shanghai 2010, built entirely out of cork.<\/p>\n<p>In 2025, <a href=\"https:\/\/apnews.com\/article\/tariffs-natural-product-exemption-cork-portugal-548dd085e1750f19fca083ed0ccc46ad\" target=\"_blank\" rel=\"noopener\"><u>Portuguese cork<\/u><\/a> was granted tariff exemption in the US \u2014 a rare acknowledgment of its ecological and economic impact. A natural material turned symbol of clean tech and quiet luxury.[\/vc_column_text][vc_empty_space height=&#8221;35px&#8221;][\/vc_column][\/vc_row][vc_row][vc_column width=&#8221;1\/3&#8243;][vc_single_image image=&#8221;10021&#8243; img_size=&#8221;full&#8221; css=&#8221;&#8221;][vc_custom_heading text=&#8221;\u00a9Blackcork&#8221; font_container=&#8221;tag:p|font_size:12|text_align:left|color:%232A2A2A&#8221; google_fonts=&#8221;font_family:Fira%20Sans%3A300%2C300italic%2C400%2C400italic%2C500%2C500italic%2C700%2C700italic|font_style:300%20light%20regular%3A300%3Anormal&#8221; css=&#8221;.vc_custom_1764872010462{margin-top: 5px !important;}&#8221;][vc_empty_space height=&#8221;10px&#8221;][\/vc_column][vc_column width=&#8221;1\/3&#8243;][vc_single_image image=&#8221;10017&#8243; img_size=&#8221;full&#8221; css=&#8221;&#8221;][vc_empty_space height=&#8221;35px&#8221;][\/vc_column][vc_column width=&#8221;1\/3&#8243;][vc_single_image image=&#8221;10019&#8243; img_size=&#8221;full&#8221; css=&#8221;&#8221;][vc_empty_space height=&#8221;20px&#8221;][\/vc_column][\/vc_row][vc_row][vc_column width=&#8221;1\/4&#8243;][vc_empty_space height=&#8221;30px&#8221;][vc_custom_heading text=&#8221;Paving the way for a new, conscious textile economy.&#8221; font_container=&#8221;tag:h4|font_size:26|text_align:left|line_height:1.5&#8243; google_fonts=&#8221;font_family:Playfair%20Display%3Aregular%2Citalic%2C700%2C700italic%2C900%2C900italic|font_style:400%20italic%3A400%3Aitalic&#8221; css=&#8221;&#8221;][vc_empty_space height=&#8221;5px&#8221;][\/vc_column][vc_column width=&#8221;3\/4&#8243;][vc_column_text css=&#8221;&#8221;]<\/p>\n<h3><strong>Technical textiles, minimalism and local ethics<\/strong><\/h3>\n<p>Portugal\u2019s textile industry was once known for low-cost production. Today, it has reinvented itself as a premium supplier for brands like Stella McCartney, Ralph Lauren and COS. But more importantly, it\u2019s nurturing its own design DNA.<\/p>\n<p>Names like <a href=\"https:\/\/isto.pt\/\" target=\"_blank\" rel=\"noopener\"><strong><u>ISTO.<\/u><\/strong><\/a>, <a href=\"https:\/\/plus351.pt\/\" target=\"_blank\" rel=\"noopener\"><strong><u>+351<\/u><\/strong><\/a>, <a href=\"https:\/\/lapaz.pt\/\" target=\"_blank\" rel=\"noopener\"><strong><u>La Paz<\/u><\/strong><\/a>, <strong><a href=\"https:\/\/naz.pt\/\" target=\"_blank\" rel=\"noopener\"><u>Naz<\/u><\/a><\/strong>, focus on local, ethical production and pieces designed to endure. Think elevated essentials: a flawless T-shirt, a linen shirt with architectural structure, a fisherman\u2019s jumper that ages with grace.<\/p>\n<p><a href=\"https:\/\/isto.pt\/\" target=\"_blank\" rel=\"noopener\"><strong><u>ISTO.<\/u><\/strong><\/a> creates perfect-cut wardrobe staples in organic cotton, all made in Portugal, with radical transparency \u2014 every cost is detailed online, item by item.<\/p>\n<p><a href=\"https:\/\/lapaz.pt\/\" target=\"_blank\" rel=\"noopener\"><strong><u>La Paz<\/u><\/strong><\/a>,\u00a0born in Porto, draws from Portugal\u2019s maritime culture: linen shirts, fisherman knits and subtle prints with relaxed yet refined aesthetics. It\u2019s slow fashion with a purpose.<\/p>\n<p><a href=\"https:\/\/plus351.pt\/\" target=\"_blank\" rel=\"noopener\"><strong><u>+351<\/u><\/strong><\/a> based in Lisbon, brings effortless streetwear inspired by the city\u2019s Atlantic energy. Their pieces are crafted locally using sustainable fibres \u2014 casual yet rooted in place.<\/p>\n<p>In the <strong>Vale do Ave<\/strong>, Portugal\u2019s textile heartland, local know-how meets innovation: waterless dyeing, recycled fibres, circular practices and partnerships with universities are paving the way for a new, conscious textile economy.<\/p>\n<p>On the more conceptual edge, designers such as <a href=\"https:\/\/www.constancaentrudo.com\/\" target=\"_blank\" rel=\"noopener\"><strong><u>Constan\u00e7a Entrudo<\/u><\/strong><\/a>, <a href=\"https:\/\/davidcatalan.store\/\" target=\"_blank\" rel=\"noopener\"><strong><u>David Catal\u00e1n<\/u><\/strong><\/a>, and <a href=\"https:\/\/hugocosta.pt\/\" target=\"_blank\" rel=\"noopener\"><strong><u>Hugo Costa<\/u><\/strong><\/a> are redefining Portuguese aesthetics with bold textures, experimental forms and visual storytelling \u2014 making appearances at fashion weeks in Paris, Tokyo or Copenhagen. Platforms like <strong>Portugal Fashion<\/strong>, <strong>Bloom<\/strong> (supporting young talents), and the <strong>MODATEX<\/strong> training institute have played a crucial role in shaping a thoughtful, sustainable and subtly influential scene.<\/p>\n<p>Portugal still manufactures for the global fashion industry \u2014 but today, it also dresses a new generation of Portuguese who seek alignment between style and substance. It&#8217;s fashion that feels as good as it looks.[\/vc_column_text][vc_empty_space height=&#8221;35px&#8221;][\/vc_column][\/vc_row][vc_row][vc_column width=&#8221;1\/4&#8243;][vc_single_image image=&#8221;10040&#8243; img_size=&#8221;full&#8221; css=&#8221;&#8221;][vc_custom_heading text=&#8221;\u00a9Constan\u00e7a Entrudo&#8221; font_container=&#8221;tag:p|font_size:12|text_align:left|color:%232A2A2A&#8221; google_fonts=&#8221;font_family:Fira%20Sans%3A300%2C300italic%2C400%2C400italic%2C500%2C500italic%2C700%2C700italic|font_style:300%20light%20regular%3A300%3Anormal&#8221; css=&#8221;.vc_custom_1764873495611{margin-top: 5px !important;}&#8221;][vc_empty_space height=&#8221;25px&#8221;][\/vc_column][vc_column width=&#8221;3\/4&#8243;][vc_single_image image=&#8221;10038&#8243; img_size=&#8221;full&#8221; css=&#8221;&#8221;][vc_custom_heading text=&#8221;\u00a9David Catal\u00e1n&#8221; font_container=&#8221;tag:p|font_size:12|text_align:left|color:%232A2A2A&#8221; google_fonts=&#8221;font_family:Fira%20Sans%3A300%2C300italic%2C400%2C400italic%2C500%2C500italic%2C700%2C700italic|font_style:300%20light%20regular%3A300%3Anormal&#8221; css=&#8221;.vc_custom_1764873532128{margin-top: 5px !important;}&#8221;][\/vc_column][\/vc_row][vc_row][vc_column width=&#8221;1\/4&#8243;][vc_empty_space height=&#8221;30px&#8221;][vc_custom_heading text=&#8221;Sophisticated, contemporary and unmistakably global.&#8221; font_container=&#8221;tag:h4|font_size:26|text_align:left|line_height:1.5&#8243; google_fonts=&#8221;font_family:Playfair%20Display%3Aregular%2Citalic%2C700%2C700italic%2C900%2C900italic|font_style:400%20italic%3A400%3Aitalic&#8221; css=&#8221;&#8221;][vc_empty_space height=&#8221;5px&#8221;][\/vc_column][vc_column width=&#8221;3\/4&#8243;][vc_column_text css=&#8221;&#8221;]<\/p>\n<h3><strong>Furniture with soul, precision and identity <\/strong><\/h3>\n<p>Brands like <a href=\"https:\/\/www.wewood.eu\/\" target=\"_blank\" rel=\"noopener\"><strong><u>Wewood<\/u><\/strong><\/a>, <a href=\"https:\/\/www.mambounlimitedideas.com\/\" target=\"_blank\" rel=\"noopener\"><strong><u>Mambo Unlimited Ideas<\/u><\/strong><\/a>, <a href=\"https:\/\/seripdesign.com\/pt\/home\" target=\"_blank\" rel=\"noopener\"><strong><u>Serip<\/u><\/strong><\/a> and <a href=\"https:\/\/delightfull.eu\/\" target=\"_blank\" rel=\"noopener\"><strong><u>DelightFULL<\/u><\/strong><\/a> show that Portuguese interior design can be sophisticated, contemporary and unmistakably global. Working with native wood, fine metalwork or hand-blown glass, these pieces are now featured in showrooms in New York, Milan and Tokyo.<\/p>\n<p>The magic lies in the detail: perfect proportions, handcrafted finishes, a harmony between form and function.<\/p>\n<p><a href=\"https:\/\/www.wewood.eu\/\" target=\"_blank\" rel=\"noopener\"><strong><u>Wewood<\/u><\/strong><\/a>\u00a0specialises in solid wood furniture, entirely made in Portugal. Each piece is designed by architects and crafted by artisans, honouring the material and elevating it into timeless objects.<\/p>\n<p><a href=\"https:\/\/www.mambounlimitedideas.com\/\" target=\"_blank\" rel=\"noopener\"><strong><u>Mambo Unlimited Ideas<\/u><\/strong><\/a>, based in Lisbon, blends retro design with tropical vibrancy \u2014 handmade ceramics, bold colour palettes and metal structures appear regularly at Maison &amp; Objet and other design fairs.<\/p>\n<p><a href=\"https:\/\/seripdesign.com\/pt\/home\" target=\"_blank\" rel=\"noopener\"><strong><u>Serip<\/u><\/strong><\/a> produces sculptural lighting with hand-blown glass and organic forms. Think chandeliers that resemble vines, droplets or minerals \u2014 present in luxury hotels from Dubai to Seoul.<\/p>\n<p><a href=\"https:\/\/delightfull.eu\/\" target=\"_blank\" rel=\"noopener\"><strong><u>DelightFULL<\/u><\/strong><\/a>\u00a0channels mid-century soul with a jazz and cinema twist. Their statement lamps evoke 1950s design with a metallic, handcrafted finish \u2014 and can be found in the world\u2019s most curated interiors.[\/vc_column_text][vc_empty_space height=&#8221;50px&#8221;][\/vc_column][\/vc_row][vc_row][vc_column width=&#8221;1\/4&#8243;][vc_single_image image=&#8221;10046&#8243; img_size=&#8221;full&#8221; css=&#8221;&#8221;][vc_custom_heading text=&#8221;\u00a9Wewood&#8221; font_container=&#8221;tag:p|font_size:12|text_align:left|color:%232A2A2A&#8221; google_fonts=&#8221;font_family:Fira%20Sans%3A300%2C300italic%2C400%2C400italic%2C500%2C500italic%2C700%2C700italic|font_style:300%20light%20regular%3A300%3Anormal&#8221; css=&#8221;.vc_custom_1764935601508{margin-top: 5px !important;}&#8221;][vc_empty_space height=&#8221;15px&#8221;][\/vc_column][vc_column width=&#8221;3\/4&#8243;][vc_single_image image=&#8221;10044&#8243; img_size=&#8221;full&#8221; css=&#8221;&#8221;][vc_custom_heading text=&#8221;\u00a9Mambo Unlimited Ideas&#8221; font_container=&#8221;tag:p|font_size:12|text_align:left|color:%232A2A2A&#8221; google_fonts=&#8221;font_family:Fira%20Sans%3A300%2C300italic%2C400%2C400italic%2C500%2C500italic%2C700%2C700italic|font_style:300%20light%20regular%3A300%3Anormal&#8221; css=&#8221;.vc_custom_1764935633027{margin-top: 5px !important;}&#8221;][vc_empty_space height=&#8221;15px&#8221;][\/vc_column][\/vc_row][vc_row][vc_column width=&#8221;1\/3&#8243;][vc_single_image image=&#8221;10058&#8243; img_size=&#8221;full&#8221; css=&#8221;&#8221;][vc_custom_heading text=&#8221;\u00a9Serip&#8221; font_container=&#8221;tag:p|font_size:12|text_align:left|color:%232A2A2A&#8221; google_fonts=&#8221;font_family:Fira%20Sans%3A300%2C300italic%2C400%2C400italic%2C500%2C500italic%2C700%2C700italic|font_style:300%20light%20regular%3A300%3Anormal&#8221; css=&#8221;.vc_custom_1764935536708{margin-top: 5px !important;}&#8221;][vc_empty_space height=&#8221;5px&#8221;][\/vc_column][vc_column width=&#8221;1\/3&#8243;][vc_single_image image=&#8221;10056&#8243; img_size=&#8221;full&#8221; css=&#8221;&#8221;][vc_custom_heading text=&#8221;\u00a9DelightFULL&#8221; font_container=&#8221;tag:p|font_size:12|text_align:left|color:%232A2A2A&#8221; google_fonts=&#8221;font_family:Fira%20Sans%3A300%2C300italic%2C400%2C400italic%2C500%2C500italic%2C700%2C700italic|font_style:300%20light%20regular%3A300%3Anormal&#8221; css=&#8221;.vc_custom_1764935567793{margin-top: 5px !important;}&#8221;][vc_empty_space height=&#8221;5px&#8221;][\/vc_column][vc_column width=&#8221;1\/3&#8243;][vc_single_image image=&#8221;10054&#8243; img_size=&#8221;full&#8221; css=&#8221;&#8221;][vc_custom_heading text=&#8221;\u00a9DelightFULL&#8221; font_container=&#8221;tag:p|font_size:12|text_align:left|color:%232A2A2A&#8221; google_fonts=&#8221;font_family:Fira%20Sans%3A300%2C300italic%2C400%2C400italic%2C500%2C500italic%2C700%2C700italic|font_style:300%20light%20regular%3A300%3Anormal&#8221; css=&#8221;.vc_custom_1764935573382{margin-top: 5px !important;}&#8221;][vc_empty_space height=&#8221;5px&#8221;][\/vc_column][\/vc_row][vc_row][vc_column width=&#8221;1\/4&#8243; offset=&#8221;vc_hidden-xs&#8221;][\/vc_column][vc_column width=&#8221;3\/4&#8243; offset=&#8221;vc_hidden-xs&#8221;][vc_empty_space height=&#8221;35px&#8221;][\/vc_column][\/vc_row][vc_row][vc_column width=&#8221;1\/4&#8243;][vc_empty_space height=&#8221;30px&#8221;][vc_custom_heading text=&#8221;Portugal ranks as the world\u2019s 11th largest footwear exporter.&#8221; font_container=&#8221;tag:h4|font_size:26|text_align:left|line_height:1.5&#8243; google_fonts=&#8221;font_family:Playfair%20Display%3Aregular%2Citalic%2C700%2C700italic%2C900%2C900italic|font_style:400%20italic%3A400%3Aitalic&#8221; css=&#8221;&#8221;][vc_empty_space height=&#8221;5px&#8221;][\/vc_column][vc_column width=&#8221;3\/4&#8243;][vc_column_text css=&#8221;&#8221;]<\/p>\n<h3><strong>Footwear: the new face of \u201cMade in Portugal\u201d<\/strong><\/h3>\n<p>Portugal ranks as the world\u2019s 11th largest footwear exporter \u2014 but among the highest in value per pair. The region between Guimar\u00e3es and Santa Maria da Feira, now known as the <a href=\"https:\/\/www.lemonde.fr\/en\/economy\/article\/2024\/11\/02\/portugal-s-shoe-valley-is-moving-upmarket_6731338_19.html\" target=\"_blank\" rel=\"noopener\"><u>\u201cShoe Valley\u201d<\/u><\/a>, is a creative cluster expecting \u20ac600 million in investment by 2030.<\/p>\n<p>Brands like <a href=\"https:\/\/www.facebook.com\/undandyshoes\/\" target=\"_blank\" rel=\"noopener\"><strong><u>Undandy<\/u><\/strong><\/a>, <a href=\"https:\/\/www.ambitious-brand.com\/pt\/\" target=\"_blank\" rel=\"noopener\"><strong><u>Ambitious<\/u><\/strong><\/a>, <strong>Josefinas<\/strong> and <strong>Luis Onofre<\/strong> are already on the shelves of international concept stores. Meanwhile, <a href=\"https:\/\/www.apiccaps.pt\/library\/media_uploads\/APICCAPS20177218984306p.pdf\" target=\"_blank\" rel=\"noopener\"><u>APICCAPS<\/u><\/a>, the national industry association, has launched one of the most effective rebranding campaigns in Portuguese manufacturing \u2014 built on storytelling, fashion and tech.<\/p>\n<p><a href=\"https:\/\/shop-eu.flylondon.com\/\" target=\"_blank\" rel=\"noopener\"><strong><u>Fly London<\/u><\/strong><\/a>, founded in the 1990s, merges British edge with Portuguese craftsmanship. A staple of export success, the brand expanded into apparel and accessories in 2010, keeping its urban, offbeat spirit.<\/p>\n<p><a href=\"https:\/\/www.facebook.com\/undandyshoes\/\" target=\"_blank\" rel=\"noopener\"><strong><u>Undandy<\/u><\/strong><\/a> offers customisable men\u2019s shoes \u2014 customers choose materials, colours and finishes online. Handmade in Portugal and delivered globally, the brand is a digital-native symbol of slow luxury.<\/p>\n<p><a href=\"https:\/\/www.ambitious-brand.com\/pt\/\" target=\"_blank\" rel=\"noopener\"><strong><u>Ambitious<\/u><\/strong><\/a> focuses on versatile, contemporary men\u2019s footwear. With ethically sourced leathers, recycled components and minimalist lines, it blends comfort and performance with modern elegance.<\/p>\n<p><strong>Josefinas<\/strong> began as a statement of female empowerment \u2014 ballet flats made by hand, built on storytelling and intention. It went viral with creative collaborations and remains a standout in soulful footwear.<\/p>\n<p><a href=\"https:\/\/luisonofre.com\/\" target=\"_blank\" rel=\"noopener\"><strong><u>Luis Onofre<\/u><\/strong><\/a> represents elegance and precision in women\u2019s luxury shoes. His collections, crafted in Portugal, are known for refined design and couture-level finishing \u2014 a name synonymous with elevated craftsmanship.[\/vc_column_text][vc_empty_space height=&#8221;35px&#8221;][\/vc_column][\/vc_row][vc_row][vc_column width=&#8221;1\/4&#8243;][vc_single_image image=&#8221;10067&#8243; img_size=&#8221;full&#8221; css=&#8221;&#8221;][vc_custom_heading text=&#8221;\u00a9Undandy&#8221; font_container=&#8221;tag:p|font_size:12|text_align:left|color:%232A2A2A&#8221; google_fonts=&#8221;font_family:Fira%20Sans%3A300%2C300italic%2C400%2C400italic%2C500%2C500italic%2C700%2C700italic|font_style:300%20light%20regular%3A300%3Anormal&#8221; css=&#8221;.vc_custom_1764937429446{margin-top: 5px !important;}&#8221;][vc_empty_space height=&#8221;15px&#8221;][\/vc_column][vc_column width=&#8221;3\/4&#8243;][vc_single_image image=&#8221;10069&#8243; img_size=&#8221;full&#8221; css=&#8221;&#8221;][vc_custom_heading text=&#8221;\u00a9Luis Onofre&#8221; font_container=&#8221;tag:p|font_size:12|text_align:left|color:%232A2A2A&#8221; google_fonts=&#8221;font_family:Fira%20Sans%3A300%2C300italic%2C400%2C400italic%2C500%2C500italic%2C700%2C700italic|font_style:300%20light%20regular%3A300%3Anormal&#8221; css=&#8221;.vc_custom_1764937394462{margin-top: 5px !important;}&#8221;][vc_empty_space height=&#8221;15px&#8221;][\/vc_column][\/vc_row][vc_row][vc_column width=&#8221;1\/4&#8243;][vc_single_image image=&#8221;10072&#8243; img_size=&#8221;full&#8221; css=&#8221;&#8221;][vc_custom_heading text=&#8221;\u00a9Undandy&#8221; font_container=&#8221;tag:p|font_size:12|text_align:left|color:%232A2A2A&#8221; google_fonts=&#8221;font_family:Fira%20Sans%3A300%2C300italic%2C400%2C400italic%2C500%2C500italic%2C700%2C700italic|font_style:300%20light%20regular%3A300%3Anormal&#8221; css=&#8221;.vc_custom_1764938040828{margin-top: 5px !important;}&#8221;][vc_empty_space height=&#8221;15px&#8221;][\/vc_column][vc_column width=&#8221;1\/4&#8243;][vc_single_image image=&#8221;10076&#8243; img_size=&#8221;full&#8221; css=&#8221;&#8221;][vc_custom_heading text=&#8221;\u00a9Lusquinos&#8221; font_container=&#8221;tag:p|font_size:12|text_align:left|color:%232A2A2A&#8221; google_fonts=&#8221;font_family:Fira%20Sans%3A300%2C300italic%2C400%2C400italic%2C500%2C500italic%2C700%2C700italic|font_style:300%20light%20regular%3A300%3Anormal&#8221; css=&#8221;.vc_custom_1764938057415{margin-top: 5px !important;}&#8221;][vc_empty_space height=&#8221;15px&#8221;][\/vc_column][vc_column width=&#8221;1\/4&#8243;][vc_single_image image=&#8221;10074&#8243; img_size=&#8221;full&#8221; css=&#8221;&#8221;][vc_custom_heading text=&#8221;\u00a9Fly London&#8221; font_container=&#8221;tag:p|font_size:12|text_align:left|color:%232A2A2A&#8221; google_fonts=&#8221;font_family:Fira%20Sans%3A300%2C300italic%2C400%2C400italic%2C500%2C500italic%2C700%2C700italic|font_style:300%20light%20regular%3A300%3Anormal&#8221; css=&#8221;.vc_custom_1764938082615{margin-top: 5px !important;}&#8221;][vc_empty_space height=&#8221;15px&#8221;][\/vc_column][vc_column width=&#8221;1\/4&#8243;][vc_single_image image=&#8221;10078&#8243; img_size=&#8221;full&#8221; css=&#8221;&#8221;][vc_custom_heading text=&#8221;\u00a9Josefinas&#8221; font_container=&#8221;tag:p|font_size:12|text_align:left|color:%232A2A2A&#8221; google_fonts=&#8221;font_family:Fira%20Sans%3A300%2C300italic%2C400%2C400italic%2C500%2C500italic%2C700%2C700italic|font_style:300%20light%20regular%3A300%3Anormal&#8221; css=&#8221;.vc_custom_1764938095517{margin-top: 5px !important;}&#8221;][vc_empty_space height=&#8221;35px&#8221;][\/vc_column][\/vc_row][vc_row][vc_column width=&#8221;1\/4&#8243;][\/vc_column][vc_column width=&#8221;3\/4&#8243;][vc_column_text css=&#8221;&#8221;]<\/p>\n<h3><strong>Design thinking and invisible innovation<\/strong><\/h3>\n<p>Portuguese design isn\u2019t just about aesthetics it\u2019s a mindset.<\/p>\n<p>It lives in tech companies like <strong>Defined.ai<\/strong>, <strong>Feedzai<\/strong> or <strong>Unbabel<\/strong>, who excel in UX\/UI.<br \/>\nIt shapes packaging in brands like <strong>Claus Porto<\/strong> or <strong>Benam\u00f4r<\/strong>, where design extends the product experience.<\/p>\n<p>It appears in <strong>gastronomy<\/strong>, where chefs like <strong>Pedro Pena Bastos<\/strong> or <strong>Alexandre Silva<\/strong> create menus as narratives.[\/vc_column_text][vc_empty_space height=&#8221;35px&#8221;][\/vc_column][\/vc_row][vc_row][vc_column width=&#8221;1\/4&#8243;][vc_empty_space height=&#8221;20px&#8221;][vc_custom_heading text=&#8221;Menus as narratives.&#8221; font_container=&#8221;tag:h4|font_size:26|text_align:left|line_height:1.5&#8243; google_fonts=&#8221;font_family:Playfair%20Display%3Aregular%2Citalic%2C700%2C700italic%2C900%2C900italic|font_style:400%20italic%3A400%3Aitalic&#8221; css=&#8221;&#8221;][vc_empty_space height=&#8221;5px&#8221;][\/vc_column][vc_column width=&#8221;3\/4&#8243;][vc_single_image image=&#8221;10085&#8243; img_size=&#8221;full&#8221; css=&#8221;&#8221;][vc_custom_heading text=&#8221;\u00a9Alexandre Silva&#8221; font_container=&#8221;tag:p|font_size:12|text_align:left|color:%232A2A2A&#8221; google_fonts=&#8221;font_family:Fira%20Sans%3A300%2C300italic%2C400%2C400italic%2C500%2C500italic%2C700%2C700italic|font_style:300%20light%20regular%3A300%3Anormal&#8221; css=&#8221;.vc_custom_1764947548262{margin-top: 5px !important;}&#8221;][vc_empty_space height=&#8221;35px&#8221;][\/vc_column][\/vc_row][vc_row][vc_column width=&#8221;1\/4&#8243;][\/vc_column][vc_column width=&#8221;3\/4&#8243;][vc_column_text css=&#8221;&#8221;]It\u2019s present in <strong>hospitality<\/strong> \u2014 from <strong>Casa Modesta<\/strong> in the Algarve to <strong>Casa do Rio Wine Hotel<\/strong> in the Douro, proving that luxury can live in silence, in the view, in a linen towel hand-embroidered by someone\u2019s grandmother.<\/p>\n<p>And it runs through contemporary architecture in the gestures of <strong><a href=\"https:\/\/www.airesmateus.com\/\" target=\"_blank\" rel=\"noopener\"><u>Manuel Aires Mateus<\/u><\/a><\/strong>, <a href=\"https:\/\/www.sizavieira.pt\/\" target=\"_blank\" rel=\"noopener\"><strong><u>Siza Vieira<\/u><\/strong><\/a>, or <strong>Souto Moura<\/strong> \u2014 where space becomes a whisper, not a shout.[\/vc_column_text][vc_empty_space height=&#8221;35px&#8221;][\/vc_column][\/vc_row][vc_row][vc_column width=&#8221;1\/2&#8243;][vc_single_image image=&#8221;10092&#8243; img_size=&#8221;full&#8221; css=&#8221;&#8221;][vc_custom_heading text=&#8221;\u00a9Casa Modesta &#8211; PAr Plataforma de Arquitetura&#8221; font_container=&#8221;tag:p|font_size:12|text_align:left|color:%232A2A2A&#8221; google_fonts=&#8221;font_family:Fira%20Sans%3A300%2C300italic%2C400%2C400italic%2C500%2C500italic%2C700%2C700italic|font_style:300%20light%20regular%3A300%3Anormal&#8221; css=&#8221;.vc_custom_1765297034052{margin-top: 5px !important;}&#8221;][vc_empty_space height=&#8221;15px&#8221;][\/vc_column][vc_column width=&#8221;1\/2&#8243;][vc_single_image image=&#8221;10094&#8243; img_size=&#8221;full&#8221; css=&#8221;&#8221;][vc_custom_heading text=&#8221;\u00a9Funda\u00e7\u00e3o Iber\u00ea Camargo &#8211; Siza Vieira&#8221; font_container=&#8221;tag:p|font_size:12|text_align:left|color:%232A2A2A&#8221; google_fonts=&#8221;font_family:Fira%20Sans%3A300%2C300italic%2C400%2C400italic%2C500%2C500italic%2C700%2C700italic|font_style:300%20light%20regular%3A300%3Anormal&#8221; css=&#8221;.vc_custom_1765363207531{margin-top: 5px !important;}&#8221;][vc_empty_space height=&#8221;15px&#8221;][\/vc_column][\/vc_row][vc_row][vc_column width=&#8221;1\/2&#8243;][vc_single_image image=&#8221;10090&#8243; img_size=&#8221;full&#8221; css=&#8221;&#8221;][vc_custom_heading text=&#8221;\u00a9Casa das Hist\u00f3rias Paula Rego &#8211; Eduardo Souto Moura&#8221; font_container=&#8221;tag:p|font_size:12|text_align:left|color:%232A2A2A&#8221; google_fonts=&#8221;font_family:Fira%20Sans%3A300%2C300italic%2C400%2C400italic%2C500%2C500italic%2C700%2C700italic|font_style:300%20light%20regular%3A300%3Anormal&#8221; css=&#8221;.vc_custom_1765297083053{margin-top: 5px !important;}&#8221;][vc_empty_space height=&#8221;15px&#8221;][\/vc_column][vc_column width=&#8221;1\/2&#8243;][vc_single_image image=&#8221;10088&#8243; img_size=&#8221;full&#8221; css=&#8221;&#8221;][vc_custom_heading text=&#8221;\u00a9Teatro Variedades &#8211; Manuel Aires Mateus&#8221; font_container=&#8221;tag:p|font_size:12|text_align:left|color:%232A2A2A&#8221; google_fonts=&#8221;font_family:Fira%20Sans%3A300%2C300italic%2C400%2C400italic%2C500%2C500italic%2C700%2C700italic|font_style:300%20light%20regular%3A300%3Anormal&#8221; css=&#8221;.vc_custom_1765297118985{margin-top: 5px !important;}&#8221;][vc_empty_space height=&#8221;35px&#8221;][\/vc_column][\/vc_row][vc_row][vc_column width=&#8221;1\/4&#8243;][\/vc_column][vc_column width=&#8221;3\/4&#8243;][vc_column_text css=&#8221;&#8221;]<\/p>\n<h3><strong>The luxury of subtlety<\/strong><\/h3>\n<p>\u201cMade in Portugal\u201d no longer just means \u201cmade\u201d. It stands for visual culture, ethical innovation, and sophistication without ostentation. A design language that respects materials, values time, and prioritises durability over display.<\/p>\n<p>Portugal is quietly reshaping the world of design \u2014 and doing it with impeccable taste.<\/p>\n<p>[\/vc_column_text][vc_empty_space height=&#8221;35px&#8221;][\/vc_column][\/vc_row][vc_row][vc_column][vc_single_image image=&#8221;10100&#8243; img_size=&#8221;full&#8221; css=&#8221;&#8221;][vc_custom_heading text=&#8221;\u00a9Wewood&#8221; font_container=&#8221;tag:p|font_size:12|text_align:left|color:%232A2A2A&#8221; google_fonts=&#8221;font_family:Fira%20Sans%3A300%2C300italic%2C400%2C400italic%2C500%2C500italic%2C700%2C700italic|font_style:300%20light%20regular%3A300%3Anormal&#8221; css=&#8221;.vc_custom_1764948435353{margin-top: 5px !important;}&#8221;][vc_empty_space height=&#8221;35px&#8221;][\/vc_column][\/vc_row][vc_column][\/vc_column]<\/p>\n<\/div>","protected":false},"excerpt":{"rendered":"<p>Explore how Portuguese design is reshaping global aesthetics through cork, footwear, furniture and invisible innovation. Subtle, sustainable, and globally admired.<\/p>\n","protected":false},"author":1,"featured_media":10570,"comment_status":"open","ping_status":"closed","sticky":false,"template":"","format":"standard","meta":{"_acf_changed":false,"_themeisle_gutenberg_block_has_review":false,"footnotes":""},"categories":[194,225],"tags":[],"class_list":["post-10120","post","type-post","status-publish","format-standard","has-post-thumbnail","hentry","category-shopping","category-design-and-architecture"],"acf":[],"yoast_head":"<!-- This site is optimized with the Yoast SEO plugin v27.4 - https:\/\/yoast.com\/product\/yoast-seo-wordpress\/ -->\n<title>Made in Portugal: The Quiet Revolution of Portuguese Design - Find Portugal<\/title>\n<meta name=\"description\" content=\"A new generation of designers, artisans and brands is placing Portugal on the global design map, blending local savoir-faire with international sophistication.\" \/>\n<meta name=\"robots\" content=\"index, follow, max-snippet:-1, max-image-preview:large, max-video-preview:-1\" \/>\n<link rel=\"canonical\" href=\"https:\/\/www.findportugal.pt\/en\/made-in-portugal-the-quiet-revolution-of-portuguese-design\/\" \/>\n<meta property=\"og:locale\" content=\"en_US\" \/>\n<meta property=\"og:type\" content=\"article\" \/>\n<meta property=\"og:title\" content=\"Made in Portugal: the silent revolution of Portuguese design\" \/>\n<meta property=\"og:description\" content=\"From footwear to lighting, cork to furniture, Portugal is designing a new future. A design without noise, but with identity.Sustainable, sophisticated, functional and increasingly recognised abroad. In this article, we delve into the brands, designers, materials and mindset that are transforming \u2018Made in Portugal\u2019 into a global synonym for good taste.Discover the brands, designers and projects that are subtly changing everything. \ud83d\udcd6 Read the full article at findportugal.pt\" \/>\n<meta property=\"og:url\" content=\"https:\/\/www.findportugal.pt\/en\/made-in-portugal-the-quiet-revolution-of-portuguese-design\/\" \/>\n<meta property=\"og:site_name\" content=\"Find Portugal\" \/>\n<meta property=\"article:published_time\" content=\"2025-12-05T15:37:55+00:00\" \/>\n<meta property=\"article:modified_time\" content=\"2026-01-23T18:33:50+00:00\" \/>\n<meta property=\"og:image\" content=\"https:\/\/www.findportugal.pt\/wp-content\/uploads\/2025\/12\/Find-Portugal-Design-Wewood-FB-1200x630-1.jpg\" \/>\n\t<meta property=\"og:image:width\" content=\"1200\" \/>\n\t<meta property=\"og:image:height\" content=\"630\" \/>\n\t<meta property=\"og:image:type\" content=\"image\/jpeg\" \/>\n<meta name=\"author\" content=\"admin\" \/>\n<meta name=\"twitter:card\" content=\"summary_large_image\" \/>\n<meta name=\"twitter:title\" content=\"Made in Portugal: the silent revolution of Portuguese design\" \/>\n<meta name=\"twitter:description\" content=\"Discover the brands, designers and projects that are subtly changing everything. \ud83d\udcd6 Read the full article at findportugal.pt\" \/>\n<meta name=\"twitter:image\" content=\"https:\/\/www.findportugal.pt\/wp-content\/uploads\/2025\/12\/Find-Portugal-Design-Wewood-FB-1200x630-1.jpg\" \/>\n<meta name=\"twitter:label1\" content=\"Written by\" \/>\n\t<meta name=\"twitter:data1\" content=\"admin\" \/>\n\t<meta name=\"twitter:label2\" content=\"Est. reading time\" \/>\n\t<meta name=\"twitter:data2\" content=\"9 minutes\" \/>\n<script type=\"application\/ld+json\" class=\"yoast-schema-graph\">{\"@context\":\"https:\\\/\\\/schema.org\",\"@graph\":[{\"@type\":\"Article\",\"@id\":\"https:\\\/\\\/www.findportugal.pt\\\/en\\\/made-in-portugal-the-quiet-revolution-of-portuguese-design\\\/#article\",\"isPartOf\":{\"@id\":\"https:\\\/\\\/www.findportugal.pt\\\/en\\\/made-in-portugal-the-quiet-revolution-of-portuguese-design\\\/\"},\"author\":{\"name\":\"admin\",\"@id\":\"https:\\\/\\\/www.findportugal.pt\\\/en\\\/#\\\/schema\\\/person\\\/1d007c8b5ea4afbf592667260df3b019\"},\"headline\":\"Made in Portugal: The Quiet Revolution of Portuguese Design\",\"datePublished\":\"2025-12-05T15:37:55+00:00\",\"dateModified\":\"2026-01-23T18:33:50+00:00\",\"mainEntityOfPage\":{\"@id\":\"https:\\\/\\\/www.findportugal.pt\\\/en\\\/made-in-portugal-the-quiet-revolution-of-portuguese-design\\\/\"},\"wordCount\":3242,\"commentCount\":0,\"image\":{\"@id\":\"https:\\\/\\\/www.findportugal.pt\\\/en\\\/made-in-portugal-the-quiet-revolution-of-portuguese-design\\\/#primaryimage\"},\"thumbnailUrl\":\"https:\\\/\\\/www.findportugal.pt\\\/wp-content\\\/uploads\\\/2025\\\/12\\\/Find-Portugal-Undandy-destaque.jpg\",\"articleSection\":[\"Shopping\",\"Design &amp; Architecture\"],\"inLanguage\":\"en-US\",\"potentialAction\":[{\"@type\":\"CommentAction\",\"name\":\"Comment\",\"target\":[\"https:\\\/\\\/www.findportugal.pt\\\/en\\\/made-in-portugal-the-quiet-revolution-of-portuguese-design\\\/#respond\"]}]},{\"@type\":\"WebPage\",\"@id\":\"https:\\\/\\\/www.findportugal.pt\\\/en\\\/made-in-portugal-the-quiet-revolution-of-portuguese-design\\\/\",\"url\":\"https:\\\/\\\/www.findportugal.pt\\\/en\\\/made-in-portugal-the-quiet-revolution-of-portuguese-design\\\/\",\"name\":\"Made in Portugal: The Quiet Revolution of Portuguese Design - Find Portugal\",\"isPartOf\":{\"@id\":\"https:\\\/\\\/www.findportugal.pt\\\/en\\\/#website\"},\"primaryImageOfPage\":{\"@id\":\"https:\\\/\\\/www.findportugal.pt\\\/en\\\/made-in-portugal-the-quiet-revolution-of-portuguese-design\\\/#primaryimage\"},\"image\":{\"@id\":\"https:\\\/\\\/www.findportugal.pt\\\/en\\\/made-in-portugal-the-quiet-revolution-of-portuguese-design\\\/#primaryimage\"},\"thumbnailUrl\":\"https:\\\/\\\/www.findportugal.pt\\\/wp-content\\\/uploads\\\/2025\\\/12\\\/Find-Portugal-Undandy-destaque.jpg\",\"datePublished\":\"2025-12-05T15:37:55+00:00\",\"dateModified\":\"2026-01-23T18:33:50+00:00\",\"author\":{\"@id\":\"https:\\\/\\\/www.findportugal.pt\\\/en\\\/#\\\/schema\\\/person\\\/1d007c8b5ea4afbf592667260df3b019\"},\"description\":\"A new generation of designers, artisans and brands is placing Portugal on the global design map, blending local savoir-faire with international sophistication.\",\"breadcrumb\":{\"@id\":\"https:\\\/\\\/www.findportugal.pt\\\/en\\\/made-in-portugal-the-quiet-revolution-of-portuguese-design\\\/#breadcrumb\"},\"inLanguage\":\"en-US\",\"potentialAction\":[{\"@type\":\"ReadAction\",\"target\":[\"https:\\\/\\\/www.findportugal.pt\\\/en\\\/made-in-portugal-the-quiet-revolution-of-portuguese-design\\\/\"]}]},{\"@type\":\"ImageObject\",\"inLanguage\":\"en-US\",\"@id\":\"https:\\\/\\\/www.findportugal.pt\\\/en\\\/made-in-portugal-the-quiet-revolution-of-portuguese-design\\\/#primaryimage\",\"url\":\"https:\\\/\\\/www.findportugal.pt\\\/wp-content\\\/uploads\\\/2025\\\/12\\\/Find-Portugal-Undandy-destaque.jpg\",\"contentUrl\":\"https:\\\/\\\/www.findportugal.pt\\\/wp-content\\\/uploads\\\/2025\\\/12\\\/Find-Portugal-Undandy-destaque.jpg\",\"width\":526,\"height\":630},{\"@type\":\"BreadcrumbList\",\"@id\":\"https:\\\/\\\/www.findportugal.pt\\\/en\\\/made-in-portugal-the-quiet-revolution-of-portuguese-design\\\/#breadcrumb\",\"itemListElement\":[{\"@type\":\"ListItem\",\"position\":1,\"name\":\"In\u00edcio\",\"item\":\"https:\\\/\\\/www.findportugal.pt\\\/en\\\/\"},{\"@type\":\"ListItem\",\"position\":2,\"name\":\"Made in Portugal: The Quiet Revolution of Portuguese Design\"}]},{\"@type\":\"WebSite\",\"@id\":\"https:\\\/\\\/www.findportugal.pt\\\/en\\\/#website\",\"url\":\"https:\\\/\\\/www.findportugal.pt\\\/en\\\/\",\"name\":\"Find Madeira\",\"description\":\"\",\"potentialAction\":[{\"@type\":\"SearchAction\",\"target\":{\"@type\":\"EntryPoint\",\"urlTemplate\":\"https:\\\/\\\/www.findportugal.pt\\\/en\\\/?s={search_term_string}\"},\"query-input\":{\"@type\":\"PropertyValueSpecification\",\"valueRequired\":true,\"valueName\":\"search_term_string\"}}],\"inLanguage\":\"en-US\"},{\"@type\":\"Person\",\"@id\":\"https:\\\/\\\/www.findportugal.pt\\\/en\\\/#\\\/schema\\\/person\\\/1d007c8b5ea4afbf592667260df3b019\",\"name\":\"admin\",\"image\":{\"@type\":\"ImageObject\",\"inLanguage\":\"en-US\",\"@id\":\"https:\\\/\\\/secure.gravatar.com\\\/avatar\\\/6b3cbb56714563c5c778f5320a69c8485878fe2b4de54caa417ca2c51e968a7f?s=96&d=mm&r=g\",\"url\":\"https:\\\/\\\/secure.gravatar.com\\\/avatar\\\/6b3cbb56714563c5c778f5320a69c8485878fe2b4de54caa417ca2c51e968a7f?s=96&d=mm&r=g\",\"contentUrl\":\"https:\\\/\\\/secure.gravatar.com\\\/avatar\\\/6b3cbb56714563c5c778f5320a69c8485878fe2b4de54caa417ca2c51e968a7f?s=96&d=mm&r=g\",\"caption\":\"admin\"},\"sameAs\":[\"https:\\\/\\\/findmadeira.pt\"],\"url\":\"https:\\\/\\\/www.findportugal.pt\\\/en\\\/author\\\/tgadmin\\\/\"}]}<\/script>\n<!-- \/ Yoast SEO plugin. -->","yoast_head_json":{"title":"Made in Portugal: The Quiet Revolution of Portuguese Design - Find Portugal","description":"A new generation of designers, artisans and brands is placing Portugal on the global design map, blending local savoir-faire with international sophistication.","robots":{"index":"index","follow":"follow","max-snippet":"max-snippet:-1","max-image-preview":"max-image-preview:large","max-video-preview":"max-video-preview:-1"},"canonical":"https:\/\/www.findportugal.pt\/en\/made-in-portugal-the-quiet-revolution-of-portuguese-design\/","og_locale":"en_US","og_type":"article","og_title":"Made in Portugal: the silent revolution of Portuguese design","og_description":"From footwear to lighting, cork to furniture, Portugal is designing a new future. A design without noise, but with identity.Sustainable, sophisticated, functional and increasingly recognised abroad. In this article, we delve into the brands, designers, materials and mindset that are transforming \u2018Made in Portugal\u2019 into a global synonym for good taste.Discover the brands, designers and projects that are subtly changing everything. \ud83d\udcd6 Read the full article at findportugal.pt","og_url":"https:\/\/www.findportugal.pt\/en\/made-in-portugal-the-quiet-revolution-of-portuguese-design\/","og_site_name":"Find Portugal","article_published_time":"2025-12-05T15:37:55+00:00","article_modified_time":"2026-01-23T18:33:50+00:00","og_image":[{"width":1200,"height":630,"url":"https:\/\/www.findportugal.pt\/wp-content\/uploads\/2025\/12\/Find-Portugal-Design-Wewood-FB-1200x630-1.jpg","type":"image\/jpeg"}],"author":"admin","twitter_card":"summary_large_image","twitter_title":"Made in Portugal: the silent revolution of Portuguese design","twitter_description":"Discover the brands, designers and projects that are subtly changing everything. \ud83d\udcd6 Read the full article at findportugal.pt","twitter_image":"https:\/\/www.findportugal.pt\/wp-content\/uploads\/2025\/12\/Find-Portugal-Design-Wewood-FB-1200x630-1.jpg","twitter_misc":{"Written by":"admin","Est. reading time":"9 minutes"},"schema":{"@context":"https:\/\/schema.org","@graph":[{"@type":"Article","@id":"https:\/\/www.findportugal.pt\/en\/made-in-portugal-the-quiet-revolution-of-portuguese-design\/#article","isPartOf":{"@id":"https:\/\/www.findportugal.pt\/en\/made-in-portugal-the-quiet-revolution-of-portuguese-design\/"},"author":{"name":"admin","@id":"https:\/\/www.findportugal.pt\/en\/#\/schema\/person\/1d007c8b5ea4afbf592667260df3b019"},"headline":"Made in Portugal: The Quiet Revolution of Portuguese Design","datePublished":"2025-12-05T15:37:55+00:00","dateModified":"2026-01-23T18:33:50+00:00","mainEntityOfPage":{"@id":"https:\/\/www.findportugal.pt\/en\/made-in-portugal-the-quiet-revolution-of-portuguese-design\/"},"wordCount":3242,"commentCount":0,"image":{"@id":"https:\/\/www.findportugal.pt\/en\/made-in-portugal-the-quiet-revolution-of-portuguese-design\/#primaryimage"},"thumbnailUrl":"https:\/\/www.findportugal.pt\/wp-content\/uploads\/2025\/12\/Find-Portugal-Undandy-destaque.jpg","articleSection":["Shopping","Design &amp; Architecture"],"inLanguage":"en-US","potentialAction":[{"@type":"CommentAction","name":"Comment","target":["https:\/\/www.findportugal.pt\/en\/made-in-portugal-the-quiet-revolution-of-portuguese-design\/#respond"]}]},{"@type":"WebPage","@id":"https:\/\/www.findportugal.pt\/en\/made-in-portugal-the-quiet-revolution-of-portuguese-design\/","url":"https:\/\/www.findportugal.pt\/en\/made-in-portugal-the-quiet-revolution-of-portuguese-design\/","name":"Made in Portugal: The Quiet Revolution of Portuguese Design - Find Portugal","isPartOf":{"@id":"https:\/\/www.findportugal.pt\/en\/#website"},"primaryImageOfPage":{"@id":"https:\/\/www.findportugal.pt\/en\/made-in-portugal-the-quiet-revolution-of-portuguese-design\/#primaryimage"},"image":{"@id":"https:\/\/www.findportugal.pt\/en\/made-in-portugal-the-quiet-revolution-of-portuguese-design\/#primaryimage"},"thumbnailUrl":"https:\/\/www.findportugal.pt\/wp-content\/uploads\/2025\/12\/Find-Portugal-Undandy-destaque.jpg","datePublished":"2025-12-05T15:37:55+00:00","dateModified":"2026-01-23T18:33:50+00:00","author":{"@id":"https:\/\/www.findportugal.pt\/en\/#\/schema\/person\/1d007c8b5ea4afbf592667260df3b019"},"description":"A new generation of designers, artisans and brands is placing Portugal on the global design map, blending local savoir-faire with international sophistication.","breadcrumb":{"@id":"https:\/\/www.findportugal.pt\/en\/made-in-portugal-the-quiet-revolution-of-portuguese-design\/#breadcrumb"},"inLanguage":"en-US","potentialAction":[{"@type":"ReadAction","target":["https:\/\/www.findportugal.pt\/en\/made-in-portugal-the-quiet-revolution-of-portuguese-design\/"]}]},{"@type":"ImageObject","inLanguage":"en-US","@id":"https:\/\/www.findportugal.pt\/en\/made-in-portugal-the-quiet-revolution-of-portuguese-design\/#primaryimage","url":"https:\/\/www.findportugal.pt\/wp-content\/uploads\/2025\/12\/Find-Portugal-Undandy-destaque.jpg","contentUrl":"https:\/\/www.findportugal.pt\/wp-content\/uploads\/2025\/12\/Find-Portugal-Undandy-destaque.jpg","width":526,"height":630},{"@type":"BreadcrumbList","@id":"https:\/\/www.findportugal.pt\/en\/made-in-portugal-the-quiet-revolution-of-portuguese-design\/#breadcrumb","itemListElement":[{"@type":"ListItem","position":1,"name":"In\u00edcio","item":"https:\/\/www.findportugal.pt\/en\/"},{"@type":"ListItem","position":2,"name":"Made in Portugal: The Quiet Revolution of Portuguese Design"}]},{"@type":"WebSite","@id":"https:\/\/www.findportugal.pt\/en\/#website","url":"https:\/\/www.findportugal.pt\/en\/","name":"Find Madeira","description":"","potentialAction":[{"@type":"SearchAction","target":{"@type":"EntryPoint","urlTemplate":"https:\/\/www.findportugal.pt\/en\/?s={search_term_string}"},"query-input":{"@type":"PropertyValueSpecification","valueRequired":true,"valueName":"search_term_string"}}],"inLanguage":"en-US"},{"@type":"Person","@id":"https:\/\/www.findportugal.pt\/en\/#\/schema\/person\/1d007c8b5ea4afbf592667260df3b019","name":"admin","image":{"@type":"ImageObject","inLanguage":"en-US","@id":"https:\/\/secure.gravatar.com\/avatar\/6b3cbb56714563c5c778f5320a69c8485878fe2b4de54caa417ca2c51e968a7f?s=96&d=mm&r=g","url":"https:\/\/secure.gravatar.com\/avatar\/6b3cbb56714563c5c778f5320a69c8485878fe2b4de54caa417ca2c51e968a7f?s=96&d=mm&r=g","contentUrl":"https:\/\/secure.gravatar.com\/avatar\/6b3cbb56714563c5c778f5320a69c8485878fe2b4de54caa417ca2c51e968a7f?s=96&d=mm&r=g","caption":"admin"},"sameAs":["https:\/\/findmadeira.pt"],"url":"https:\/\/www.findportugal.pt\/en\/author\/tgadmin\/"}]}},"_links":{"self":[{"href":"https:\/\/www.findportugal.pt\/en\/wp-json\/wp\/v2\/posts\/10120","targetHints":{"allow":["GET"]}}],"collection":[{"href":"https:\/\/www.findportugal.pt\/en\/wp-json\/wp\/v2\/posts"}],"about":[{"href":"https:\/\/www.findportugal.pt\/en\/wp-json\/wp\/v2\/types\/post"}],"author":[{"embeddable":true,"href":"https:\/\/www.findportugal.pt\/en\/wp-json\/wp\/v2\/users\/1"}],"replies":[{"embeddable":true,"href":"https:\/\/www.findportugal.pt\/en\/wp-json\/wp\/v2\/comments?post=10120"}],"version-history":[{"count":9,"href":"https:\/\/www.findportugal.pt\/en\/wp-json\/wp\/v2\/posts\/10120\/revisions"}],"predecessor-version":[{"id":10122,"href":"https:\/\/www.findportugal.pt\/en\/wp-json\/wp\/v2\/posts\/10120\/revisions\/10122"}],"wp:featuredmedia":[{"embeddable":true,"href":"https:\/\/www.findportugal.pt\/en\/wp-json\/wp\/v2\/media\/10570"}],"wp:attachment":[{"href":"https:\/\/www.findportugal.pt\/en\/wp-json\/wp\/v2\/media?parent=10120"}],"wp:term":[{"taxonomy":"category","embeddable":true,"href":"https:\/\/www.findportugal.pt\/en\/wp-json\/wp\/v2\/categories?post=10120"},{"taxonomy":"post_tag","embeddable":true,"href":"https:\/\/www.findportugal.pt\/en\/wp-json\/wp\/v2\/tags?post=10120"}],"curies":[{"name":"wp","href":"https:\/\/api.w.org\/{rel}","templated":true}]}}